{"id":6435,"date":"2026-05-02T18:59:00","date_gmt":"2026-05-02T16:59:00","guid":{"rendered":"https:\/\/www.grtracingteam.com\/?p=6435"},"modified":"2026-05-02T19:07:22","modified_gmt":"2026-05-02T17:07:22","slug":"worldsbk-balaton-d2","status":"publish","type":"post","link":"https:\/\/www.grtracingteam.com\/en\/worldsbk-balaton-d2\/","title":{"rendered":"Challenging Saturday for Manzi and Gardner at Balaton Park"},"content":{"rendered":"<p>The GYTR GRT Yamaha WorldSBK Team returned to action on Saturday at Balaton Park, Hungary, for the opening day of racing. It proved to be a demanding day for both Stefano Manzi and Remy Gardner, with the Italian rider salvaging a single point after finishing 15th in Race 1.<\/p>\n\n\n\n<p>After an encouraging Free Practice 3 session in the morning, where Manzi placed 11th with a time of 1\u201939.489, he headed into the Tissot Superpole qualifying with confidence. However, a late crash during the 15-minute session prevented him from improving further, forcing him to settle for 19th on the grid with a 1\u201940.390.<\/p>\n\n\n\n<p>In Race 1, the 2025 WorldSSP Champion made a strong start, gaining positions on the opening lap. Maintaining consistent pace throughout the 21-lap race, Manzi steadily improved his performance and ultimately fought his way up to 15th at the chequered flag, securing one championship point.<\/p>\n\n\n\n<p>On the other side of the garage, it was a difficult Saturday for Remy Gardner. The Australian rider qualified 14th in Superpole with a time of 1\u201939.602, but was later penalized and demoted to 17th on the starting grid for Race 1. He showed determination in the race, battling hard in the early stages and demonstrating solid pace. However, grip issues in the latter part of the race caused him to lose ground, and he eventually crossed the line in 16th position.<\/p>\n\n\n\n<p>Both riders will return to the track on Sunday for the final day of action at Balaton Park. The Tissot Superpole Race is scheduled for 11:10 local time, followed by Race 2 at 15:30.<\/p>\n\n\n\n<p><strong>Stefano Manzi \u2013 Superpole: P19 \/ Race 1: P15<br><\/strong><em>\u201cIt\u2019s a shame about qualifying, as I couldn\u2019t push as much as I wanted. After a positive Free Practice 3, we were feeling confident heading into Superpole, but the crash compromised our result. Starting from 19th made things more difficult, but we knew we had decent race pace. I\u2019m quite satisfied with the second half of the race, where I was able to improve my lap times and keep pushing. We need to keep working step by step. This isn\u2019t where we want to be, but I\u2019m confident we can continue to progress and aim for a strong Sunday here in Hungary.\u201d<\/em><\/p>\n\n\n\n<p><strong>Remy Gardner \u2013 Superpole: P14 \/ Race 1: P16<br><\/strong><em>\u201cUnfortunately, it wasn\u2019t the easiest Saturday for us. I pushed hard in Superpole, but it wasn\u2019t enough to qualify higher than 14th, and then the penalty didn\u2019t help. In the race, I tried to fight and gain positions, especially early on, to stay close to the front group. The start wasn\u2019t ideal, but the pace at the beginning was quite good. However, I struggled more in the second half of the race due to grip issues, which is something we need to understand ahead of tomorrow. We\u2019ll keep working hard to improve and aim to finish the weekend on a positive note.\u201d<\/em><\/p>\n\n\n\n<figure class=\"wp-block-gallery columns-2 is-cropped\"><ul class=\"blocks-gallery-grid\"><li class=\"blocks-gallery-item\"><figure><img loading=\"lazy\" width=\"1024\" height=\"683\" src=\"https:\/\/www.grtracingteam.com\/wp-content\/uploads\/2026\/05\/04_Balaton_Park_WorldSBK_2026_Saturday_Manzi_Z9A_1367-1024x683.jpg\" alt=\"\" data-id=\"6427\" data-full-url=\"https:\/\/www.grtracingteam.com\/wp-content\/uploads\/2026\/05\/04_Balaton_Park_WorldSBK_2026_Saturday_Manzi_Z9A_1367-scaled.jpg\" data-link=\"https:\/\/www.grtracingteam.com\/maria-herrera-vince-una-straordinaria-gara-1-al-balaton-park-per-il-terravita-grt-yamaha-worldwcr-team\/04_balaton_park_worldsbk_2026_saturday_manzi_z9a_1367\/\" class=\"wp-image-6427\" srcset=\"https:\/\/www.grtracingteam.com\/wp-content\/uploads\/2026\/05\/04_Balaton_Park_WorldSBK_2026_Saturday_Manzi_Z9A_1367-1024x683.jpg 1024w, https:\/\/www.grtracingteam.com\/wp-content\/uploads\/2026\/05\/04_Balaton_Park_WorldSBK_2026_Saturday_Manzi_Z9A_1367-300x200.jpg 300w, https:\/\/www.grtracingteam.com\/wp-content\/uploads\/2026\/05\/04_Balaton_Park_WorldSBK_2026_Saturday_Manzi_Z9A_1367-768x512.jpg 768w, https:\/\/www.grtracingteam.com\/wp-content\/uploads\/2026\/05\/04_Balaton_Park_WorldSBK_2026_Saturday_Manzi_Z9A_1367-1536x1024.jpg 1536w, https:\/\/www.grtracingteam.com\/wp-content\/uploads\/2026\/05\/04_Balaton_Park_WorldSBK_2026_Saturday_Manzi_Z9A_1367-2048x1366.jpg 2048w, https:\/\/www.grtracingteam.com\/wp-content\/uploads\/2026\/05\/04_Balaton_Park_WorldSBK_2026_Saturday_Manzi_Z9A_1367-scaled.jpg 2560w\" sizes=\"(max-width: 1024px) 100vw, 1024px\" \/><\/figure><\/li><li class=\"blocks-gallery-item\"><figure><img loading=\"lazy\" width=\"1024\" height=\"683\" src=\"https:\/\/www.grtracingteam.com\/wp-content\/uploads\/2026\/05\/04_Balaton_Park_WorldSBK_2026_Saturday_Manzi_Z9A_2926-1024x683.jpg\" alt=\"\" data-id=\"6426\" data-full-url=\"https:\/\/www.grtracingteam.com\/wp-content\/uploads\/2026\/05\/04_Balaton_Park_WorldSBK_2026_Saturday_Manzi_Z9A_2926-scaled.jpg\" data-link=\"https:\/\/www.grtracingteam.com\/maria-herrera-vince-una-straordinaria-gara-1-al-balaton-park-per-il-terravita-grt-yamaha-worldwcr-team\/04_balaton_park_worldsbk_2026_saturday_manzi_z9a_2926\/\" class=\"wp-image-6426\" srcset=\"https:\/\/www.grtracingteam.com\/wp-content\/uploads\/2026\/05\/04_Balaton_Park_WorldSBK_2026_Saturday_Manzi_Z9A_2926-1024x683.jpg 1024w, https:\/\/www.grtracingteam.com\/wp-content\/uploads\/2026\/05\/04_Balaton_Park_WorldSBK_2026_Saturday_Manzi_Z9A_2926-300x200.jpg 300w, https:\/\/www.grtracingteam.com\/wp-content\/uploads\/2026\/05\/04_Balaton_Park_WorldSBK_2026_Saturday_Manzi_Z9A_2926-768x512.jpg 768w, https:\/\/www.grtracingteam.com\/wp-content\/uploads\/2026\/05\/04_Balaton_Park_WorldSBK_2026_Saturday_Manzi_Z9A_2926-1536x1024.jpg 1536w, https:\/\/www.grtracingteam.com\/wp-content\/uploads\/2026\/05\/04_Balaton_Park_WorldSBK_2026_Saturday_Manzi_Z9A_2926-2048x1366.jpg 2048w, https:\/\/www.grtracingteam.com\/wp-content\/uploads\/2026\/05\/04_Balaton_Park_WorldSBK_2026_Saturday_Manzi_Z9A_2926-scaled.jpg 2560w\" sizes=\"(max-width: 1024px) 100vw, 1024px\" \/><\/figure><\/li><li class=\"blocks-gallery-item\"><figure><img loading=\"lazy\" width=\"1024\" height=\"682\" src=\"https:\/\/www.grtracingteam.com\/wp-content\/uploads\/2026\/05\/04_Balaton_Park_WorldSBK_2026_Saturday_Gardner_DSC_1622-1024x682.jpg\" alt=\"\" data-id=\"6425\" data-full-url=\"https:\/\/www.grtracingteam.com\/wp-content\/uploads\/2026\/05\/04_Balaton_Park_WorldSBK_2026_Saturday_Gardner_DSC_1622-scaled.jpg\" data-link=\"https:\/\/www.grtracingteam.com\/maria-herrera-vince-una-straordinaria-gara-1-al-balaton-park-per-il-terravita-grt-yamaha-worldwcr-team\/04_balaton_park_worldsbk_2026_saturday_gardner_dsc_1622\/\" class=\"wp-image-6425\" srcset=\"https:\/\/www.grtracingteam.com\/wp-content\/uploads\/2026\/05\/04_Balaton_Park_WorldSBK_2026_Saturday_Gardner_DSC_1622-1024x682.jpg 1024w, https:\/\/www.grtracingteam.com\/wp-content\/uploads\/2026\/05\/04_Balaton_Park_WorldSBK_2026_Saturday_Gardner_DSC_1622-300x200.jpg 300w, https:\/\/www.grtracingteam.com\/wp-content\/uploads\/2026\/05\/04_Balaton_Park_WorldSBK_2026_Saturday_Gardner_DSC_1622-768x512.jpg 768w, https:\/\/www.grtracingteam.com\/wp-content\/uploads\/2026\/05\/04_Balaton_Park_WorldSBK_2026_Saturday_Gardner_DSC_1622-1536x1023.jpg 1536w, https:\/\/www.grtracingteam.com\/wp-content\/uploads\/2026\/05\/04_Balaton_Park_WorldSBK_2026_Saturday_Gardner_DSC_1622-2048x1364.jpg 2048w, https:\/\/www.grtracingteam.com\/wp-content\/uploads\/2026\/05\/04_Balaton_Park_WorldSBK_2026_Saturday_Gardner_DSC_1622-scaled.jpg 2560w\" sizes=\"(max-width: 1024px) 100vw, 1024px\" \/><\/figure><\/li><li class=\"blocks-gallery-item\"><figure><img loading=\"lazy\" width=\"1024\" height=\"683\" src=\"https:\/\/www.grtracingteam.com\/wp-content\/uploads\/2026\/05\/04_Balaton_Park_WorldSBK_2026_Saturday_Gardner_Z9A_2485-1024x683.jpg\" alt=\"\" data-id=\"6424\" data-full-url=\"https:\/\/www.grtracingteam.com\/wp-content\/uploads\/2026\/05\/04_Balaton_Park_WorldSBK_2026_Saturday_Gardner_Z9A_2485-scaled.jpg\" data-link=\"https:\/\/www.grtracingteam.com\/maria-herrera-vince-una-straordinaria-gara-1-al-balaton-park-per-il-terravita-grt-yamaha-worldwcr-team\/04_balaton_park_worldsbk_2026_saturday_gardner_z9a_2485\/\" class=\"wp-image-6424\" srcset=\"https:\/\/www.grtracingteam.com\/wp-content\/uploads\/2026\/05\/04_Balaton_Park_WorldSBK_2026_Saturday_Gardner_Z9A_2485-1024x683.jpg 1024w, https:\/\/www.grtracingteam.com\/wp-content\/uploads\/2026\/05\/04_Balaton_Park_WorldSBK_2026_Saturday_Gardner_Z9A_2485-300x200.jpg 300w, https:\/\/www.grtracingteam.com\/wp-content\/uploads\/2026\/05\/04_Balaton_Park_WorldSBK_2026_Saturday_Gardner_Z9A_2485-768x512.jpg 768w, https:\/\/www.grtracingteam.com\/wp-content\/uploads\/2026\/05\/04_Balaton_Park_WorldSBK_2026_Saturday_Gardner_Z9A_2485-1536x1024.jpg 1536w, https:\/\/www.grtracingteam.com\/wp-content\/uploads\/2026\/05\/04_Balaton_Park_WorldSBK_2026_Saturday_Gardner_Z9A_2485-2048x1366.jpg 2048w, https:\/\/www.grtracingteam.com\/wp-content\/uploads\/2026\/05\/04_Balaton_Park_WorldSBK_2026_Saturday_Gardner_Z9A_2485-scaled.jpg 2560w\" sizes=\"(max-width: 1024px) 100vw, 1024px\" \/><\/figure><\/li><\/ul><\/figure>\n<div class=\"pdfprnt-buttons pdfprnt-buttons-post pdfprnt-bottom-right\"><a href=\"javascript: imageToPdf()\" class=\"pdfprnt-button pdfprnt-button-pdf\" target=\"_self\"><img src=\"https:\/\/www.grtracingteam.com\/wp-content\/plugins\/pdf-print\/images\/pdf.png\" alt=\"image_pdf\" title=\"View PDF\" \/><\/a><\/div>","protected":false},"excerpt":{"rendered":"<p>Il GYTR GRT Yamaha WorldSBK Team \u00e8 tornato in azione sabato al Balaton Park, in Ungheria, per la prima giornata di gare. \u00c8 stata una giornata impegnativa per Stefano Manzi e Remy Gardner, con il pilota Italiano &nbsp;che \u00e8 riuscito a conquistare un punto grazie al 15\u00b0 posto in Gara 1. Dopo un incoraggiante turno [&hellip;]<\/p>\n","protected":false},"author":9,"featured_media":6429,"comment_status":"open","ping_status":"open","sticky":false,"template":"","format":"standard","meta":[],"categories":[3],"tags":[],"_links":{"self":[{"href":"https:\/\/www.grtracingteam.com\/en\/wp-json\/wp\/v2\/posts\/6435"}],"collection":[{"href":"https:\/\/www.grtracingteam.com\/en\/wp-json\/wp\/v2\/posts"}],"about":[{"href":"https:\/\/www.grtracingteam.com\/en\/wp-json\/wp\/v2\/types\/post"}],"author":[{"embeddable":true,"href":"https:\/\/www.grtracingteam.com\/en\/wp-json\/wp\/v2\/users\/9"}],"replies":[{"embeddable":true,"href":"https:\/\/www.grtracingteam.com\/en\/wp-json\/wp\/v2\/comments?post=6435"}],"version-history":[{"count":1,"href":"https:\/\/www.grtracingteam.com\/en\/wp-json\/wp\/v2\/posts\/6435\/revisions"}],"predecessor-version":[{"id":6436,"href":"https:\/\/www.grtracingteam.com\/en\/wp-json\/wp\/v2\/posts\/6435\/revisions\/6436"}],"wp:featuredmedia":[{"embeddable":true,"href":"https:\/\/www.grtracingteam.com\/en\/wp-json\/wp\/v2\/media\/6429"}],"wp:attachment":[{"href":"https:\/\/www.grtracingteam.com\/en\/wp-json\/wp\/v2\/media?parent=6435"}],"wp:term":[{"taxonomy":"category","embeddable":true,"href":"https:\/\/www.grtracingteam.com\/en\/wp-json\/wp\/v2\/categories?post=6435"},{"taxonomy":"post_tag","embeddable":true,"href":"https:\/\/www.grtracingteam.com\/en\/wp-json\/wp\/v2\/tags?post=6435"}],"curies":[{"name":"wp","href":"https:\/\/api.w.org\/{rel}","templated":true}]}}