{"id":5259,"date":"2025-07-26T18:40:21","date_gmt":"2025-07-26T16:40:21","guid":{"rendered":"https:\/\/www.grtracingteam.com\/?p=5259"},"modified":"2025-07-26T18:40:24","modified_gmt":"2025-07-26T16:40:24","slug":"sabato-sfortunato-per-il-gytr-grt-yamaha-a-balaton-park","status":"publish","type":"post","link":"https:\/\/www.grtracingteam.com\/en\/sabato-sfortunato-per-il-gytr-grt-yamaha-a-balaton-park\/","title":{"rendered":"Unfortunate Saturday for GYTR GRT Yamaha at Balaton Park"},"content":{"rendered":"<p>It was a challenging first race day for the GYTR GRT Yamaha WorldSBK Team at Balaton Park, Hungary with Remy Gardner taken out on the opening lap, while team-mate Dominique Aegerter finished 12th.<\/p>\n\n\n\n<p>The day began with the final Free Practice 3 session, where both riders logged valuable laps ahead of the Tissot Superpole qualifier. Gardner (#87) set the seventh-fastest time with a 1\u201939.663, closely followed by Aegerter in ninth, who posted a 1\u201939.748.<\/p>\n\n\n\n<p>Heading into Superpole with confidence, both riders looked to maximize their performance during the 15-minute shootout. Unfortunately, a red flag interrupted their fast laps in the second run. With just two minutes remaining, the GYTR GRT Yamaha duo returned to the track without fresh tyres. Gardner ultimately qualified 11th (1\u201939.437), with Aegerter in 13th (1\u201939.509).<\/p>\n\n\n\n<p>Race 1 got underway at 14:00 local time. Both riders had decent starts off the line, but drama unfolded almost immediately as Gardner was involved in a multi-rider incident at Turn 2, just after the opening corner. The race was red-flagged. Gardner was taken to the medical centre, before being transferred to hospital in nearby Sz\u00e9kesfeh\u00e9rv\u00e1r with a back contusion and suspected concussion. Initial checks have since come back clear, but the Australian will remain in hospital overnight for further observation and has been ruled unfit for Sunday\u2019s races.<\/p>\n\n\n\n<p>Following the restart, Aegerter had a difficult launch, losing several positions early on. However, he worked his way through the field during the shortened 20-lap race, consistently improving his lap times and showing strong pace in the latter stages. He eventually recovered to finish 12th.<\/p>\n\n\n\n<p><strong>Dominique Aegerter \u2013 Superpole: P13 \/ Gara 1: P12<\/strong><br><em>\"First of all, I want to wish Remy a speedy recovery \u2014 I really hope he\u2019ll be back soon. As for today, it wasn\u2019t an easy one, and we were definitely expecting a bit more. The gap from P5 to P15 was really tight, but qualifying 13th made things tough in the race. I struggled a bit with grip, but still managed to gain some positions and finish 12th. Hopefully, we can make a step forward for tomorrow.\"<\/em><\/p>\n\n\n\n<figure class=\"wp-block-gallery columns-2 is-cropped\"><ul class=\"blocks-gallery-grid\"><li class=\"blocks-gallery-item\"><figure><img loading=\"lazy\" width=\"1024\" height=\"683\" src=\"https:\/\/www.grtracingteam.com\/wp-content\/uploads\/2025\/07\/08_Balaton_WorldSBK_2025_Saturday_Aegerter-6875-1024x683.jpg\" alt=\"\" data-id=\"5261\" data-link=\"https:\/\/www.grtracingteam.com\/?attachment_id=5261\" class=\"wp-image-5261\" srcset=\"https:\/\/www.grtracingteam.com\/wp-content\/uploads\/2025\/07\/08_Balaton_WorldSBK_2025_Saturday_Aegerter-6875-1024x683.jpg 1024w, https:\/\/www.grtracingteam.com\/wp-content\/uploads\/2025\/07\/08_Balaton_WorldSBK_2025_Saturday_Aegerter-6875-300x200.jpg 300w, https:\/\/www.grtracingteam.com\/wp-content\/uploads\/2025\/07\/08_Balaton_WorldSBK_2025_Saturday_Aegerter-6875-768x512.jpg 768w, https:\/\/www.grtracingteam.com\/wp-content\/uploads\/2025\/07\/08_Balaton_WorldSBK_2025_Saturday_Aegerter-6875-1536x1024.jpg 1536w, https:\/\/www.grtracingteam.com\/wp-content\/uploads\/2025\/07\/08_Balaton_WorldSBK_2025_Saturday_Aegerter-6875-2048x1366.jpg 2048w, https:\/\/www.grtracingteam.com\/wp-content\/uploads\/2025\/07\/08_Balaton_WorldSBK_2025_Saturday_Aegerter-6875-scaled.jpg 2560w\" sizes=\"(max-width: 1024px) 100vw, 1024px\" \/><\/figure><\/li><li class=\"blocks-gallery-item\"><figure><img loading=\"lazy\" width=\"1024\" height=\"683\" src=\"https:\/\/www.grtracingteam.com\/wp-content\/uploads\/2025\/07\/08_Balaton_WorldSBK_2025_Saturday_Aegerter-400688-1024x683.jpg\" alt=\"\" data-id=\"5262\" data-link=\"https:\/\/www.grtracingteam.com\/?attachment_id=5262\" class=\"wp-image-5262\" srcset=\"https:\/\/www.grtracingteam.com\/wp-content\/uploads\/2025\/07\/08_Balaton_WorldSBK_2025_Saturday_Aegerter-400688-1024x683.jpg 1024w, https:\/\/www.grtracingteam.com\/wp-content\/uploads\/2025\/07\/08_Balaton_WorldSBK_2025_Saturday_Aegerter-400688-300x200.jpg 300w, https:\/\/www.grtracingteam.com\/wp-content\/uploads\/2025\/07\/08_Balaton_WorldSBK_2025_Saturday_Aegerter-400688-768x512.jpg 768w, https:\/\/www.grtracingteam.com\/wp-content\/uploads\/2025\/07\/08_Balaton_WorldSBK_2025_Saturday_Aegerter-400688-1536x1024.jpg 1536w, https:\/\/www.grtracingteam.com\/wp-content\/uploads\/2025\/07\/08_Balaton_WorldSBK_2025_Saturday_Aegerter-400688-2048x1366.jpg 2048w, https:\/\/www.grtracingteam.com\/wp-content\/uploads\/2025\/07\/08_Balaton_WorldSBK_2025_Saturday_Aegerter-400688-scaled.jpg 2560w\" sizes=\"(max-width: 1024px) 100vw, 1024px\" \/><\/figure><\/li><li class=\"blocks-gallery-item\"><figure><img loading=\"lazy\" width=\"1024\" height=\"683\" src=\"https:\/\/www.grtracingteam.com\/wp-content\/uploads\/2025\/07\/08_Balaton_WorldSBK_2025_Friday_GYTR_GRT-6132-1024x683.jpg\" alt=\"\" data-id=\"5264\" data-full-url=\"https:\/\/www.grtracingteam.com\/wp-content\/uploads\/2025\/07\/08_Balaton_WorldSBK_2025_Friday_GYTR_GRT-6132-scaled.jpg\" data-link=\"https:\/\/www.grtracingteam.com\/?attachment_id=5264\" class=\"wp-image-5264\" srcset=\"https:\/\/www.grtracingteam.com\/wp-content\/uploads\/2025\/07\/08_Balaton_WorldSBK_2025_Friday_GYTR_GRT-6132-1024x683.jpg 1024w, https:\/\/www.grtracingteam.com\/wp-content\/uploads\/2025\/07\/08_Balaton_WorldSBK_2025_Friday_GYTR_GRT-6132-300x200.jpg 300w, https:\/\/www.grtracingteam.com\/wp-content\/uploads\/2025\/07\/08_Balaton_WorldSBK_2025_Friday_GYTR_GRT-6132-768x512.jpg 768w, https:\/\/www.grtracingteam.com\/wp-content\/uploads\/2025\/07\/08_Balaton_WorldSBK_2025_Friday_GYTR_GRT-6132-1536x1024.jpg 1536w, https:\/\/www.grtracingteam.com\/wp-content\/uploads\/2025\/07\/08_Balaton_WorldSBK_2025_Friday_GYTR_GRT-6132-2048x1366.jpg 2048w, https:\/\/www.grtracingteam.com\/wp-content\/uploads\/2025\/07\/08_Balaton_WorldSBK_2025_Friday_GYTR_GRT-6132-scaled.jpg 2560w\" sizes=\"(max-width: 1024px) 100vw, 1024px\" \/><\/figure><\/li><li class=\"blocks-gallery-item\"><figure><img loading=\"lazy\" width=\"1024\" height=\"683\" src=\"https:\/\/www.grtracingteam.com\/wp-content\/uploads\/2025\/07\/08_Balaton_WorldSBK_2025_Friday_Gardner-6332-1024x683.jpg\" alt=\"\" data-id=\"5263\" data-full-url=\"https:\/\/www.grtracingteam.com\/wp-content\/uploads\/2025\/07\/08_Balaton_WorldSBK_2025_Friday_Gardner-6332-scaled.jpg\" data-link=\"https:\/\/www.grtracingteam.com\/?attachment_id=5263\" class=\"wp-image-5263\" srcset=\"https:\/\/www.grtracingteam.com\/wp-content\/uploads\/2025\/07\/08_Balaton_WorldSBK_2025_Friday_Gardner-6332-1024x683.jpg 1024w, https:\/\/www.grtracingteam.com\/wp-content\/uploads\/2025\/07\/08_Balaton_WorldSBK_2025_Friday_Gardner-6332-300x200.jpg 300w, https:\/\/www.grtracingteam.com\/wp-content\/uploads\/2025\/07\/08_Balaton_WorldSBK_2025_Friday_Gardner-6332-768x512.jpg 768w, https:\/\/www.grtracingteam.com\/wp-content\/uploads\/2025\/07\/08_Balaton_WorldSBK_2025_Friday_Gardner-6332-1536x1024.jpg 1536w, https:\/\/www.grtracingteam.com\/wp-content\/uploads\/2025\/07\/08_Balaton_WorldSBK_2025_Friday_Gardner-6332-2048x1366.jpg 2048w, https:\/\/www.grtracingteam.com\/wp-content\/uploads\/2025\/07\/08_Balaton_WorldSBK_2025_Friday_Gardner-6332-scaled.jpg 2560w\" sizes=\"(max-width: 1024px) 100vw, 1024px\" \/><\/figure><\/li><\/ul><\/figure>\n<div class=\"pdfprnt-buttons pdfprnt-buttons-post pdfprnt-bottom-right\"><a href=\"javascript: imageToPdf()\" class=\"pdfprnt-button pdfprnt-button-pdf\" target=\"_self\"><img src=\"https:\/\/www.grtracingteam.com\/wp-content\/plugins\/pdf-print\/images\/pdf.png\" alt=\"image_pdf\" title=\"View PDF\" \/><\/a><\/div>","protected":false},"excerpt":{"rendered":"<p>\u00c8 stata una giornata difficile per il GYTR GRT Yamaha WorldSBK Team nella prima gara del weekend al Balaton Park, in Ungheria. Remy Gardner \u00e8 stato coinvolto in un incidente gi\u00e0 nel primo giro, mentre il suo compagno di squadra Dominique Aegerter ha concluso in 12\u00aa posizione. La giornata \u00e8 iniziata con la terza e [&hellip;]<\/p>\n","protected":false},"author":9,"featured_media":5260,"comment_status":"open","ping_status":"open","sticky":false,"template":"","format":"standard","meta":[],"categories":[3],"tags":[],"_links":{"self":[{"href":"https:\/\/www.grtracingteam.com\/en\/wp-json\/wp\/v2\/posts\/5259"}],"collection":[{"href":"https:\/\/www.grtracingteam.com\/en\/wp-json\/wp\/v2\/posts"}],"about":[{"href":"https:\/\/www.grtracingteam.com\/en\/wp-json\/wp\/v2\/types\/post"}],"author":[{"embeddable":true,"href":"https:\/\/www.grtracingteam.com\/en\/wp-json\/wp\/v2\/users\/9"}],"replies":[{"embeddable":true,"href":"https:\/\/www.grtracingteam.com\/en\/wp-json\/wp\/v2\/comments?post=5259"}],"version-history":[{"count":1,"href":"https:\/\/www.grtracingteam.com\/en\/wp-json\/wp\/v2\/posts\/5259\/revisions"}],"predecessor-version":[{"id":5265,"href":"https:\/\/www.grtracingteam.com\/en\/wp-json\/wp\/v2\/posts\/5259\/revisions\/5265"}],"wp:featuredmedia":[{"embeddable":true,"href":"https:\/\/www.grtracingteam.com\/en\/wp-json\/wp\/v2\/media\/5260"}],"wp:attachment":[{"href":"https:\/\/www.grtracingteam.com\/en\/wp-json\/wp\/v2\/media?parent=5259"}],"wp:term":[{"taxonomy":"category","embeddable":true,"href":"https:\/\/www.grtracingteam.com\/en\/wp-json\/wp\/v2\/categories?post=5259"},{"taxonomy":"post_tag","embeddable":true,"href":"https:\/\/www.grtracingteam.com\/en\/wp-json\/wp\/v2\/tags?post=5259"}],"curies":[{"name":"wp","href":"https:\/\/api.w.org\/{rel}","templated":true}]}}