{"id":5243,"date":"2025-07-25T17:47:55","date_gmt":"2025-07-25T15:47:55","guid":{"rendered":"https:\/\/www.grtracingteam.com\/?p=5243"},"modified":"2025-07-26T07:35:47","modified_gmt":"2025-07-26T05:35:47","slug":"r8balatonfriday","status":"publish","type":"post","link":"https:\/\/www.grtracingteam.com\/en\/r8balatonfriday\/","title":{"rendered":"Gardner Fifth Quickest on Opening Day at Balaton Park"},"content":{"rendered":"<p>The GYTR GRT Yamaha WorldSBK Team kicked off Round 8 of the 2025 FIM Superbike World Championship at the brand-new Balaton Park circuit in Hungary with Remy Gardner finishing the opening day in fifth place on the timesheets.<\/p>\n\n\n\n<p>Free Practice 1 began at 10:20 local time, with both riders focused on quickly learning the unfamiliar layout having not ridden the track before. In the 45-minute session, Gardner and Aegerter steadily improved their feeling with each lap, ending the session in 11th and 15th respectively.<\/p>\n\n\n\n<p>In the afternoon's Free Practice 2, the GYTR GRT Yamaha duo continued their work\u2014this time concentrating more on race pace rather than chasing a single fast lap. Despite that, both riders managed to significantly improve their performance. Gardner ended the day fifth fastest with a time of 1\u201940.484, while Aegerter clocked a 1\u201940.746 to finish 13th, still close to the front.<\/p>\n\n\n\n<p><strong>Remy Gardner \u2013 P5 (1\u201940.484)<\/strong><br><em>\u201dOverall, the final position is encouraging, but we still need to keep working on our race pace to be competitive in Race 1. I\u2019m confident we can achieve that, and it\u2019ll also be important to put in a strong flying lap tomorrow in the Tissot Superpole. Saturday will be key, but I think we\u2019re on the right path. I quite like the layout of the new track, so let\u2019s stay focused and build a strong weekend.\u201d<\/em><\/p>\n\n\n\n<p><strong>Dominique Aegerter \u2013 P13 (1\u201940.746)<\/strong><br><em>\u201cLa posizione non \u00e8 il massimo, ma in realt\u00e0 non siamo lontani dai primi cinque, il che \u00e8 positivo e ci d\u00e0 motivazione. Era fondamentale imparare in fretta il layout sia al mattino che al pomeriggio, per iniziare a lavorare bene sul setup. Abbiamo fatto un bel passo avanti da FP1 a FP2, e adesso dobbiamo continuare a migliorare domani e domenica. Sono fiducioso che possiamo avvicinarci alla testa della corsa\u2014speriamo anche che il meteo rimanga&nbsp;stabile.\u201d<\/em><\/p>\n\n\n\n<figure class=\"wp-block-gallery columns-2 is-cropped\"><ul class=\"blocks-gallery-grid\"><li class=\"blocks-gallery-item\"><figure><img loading=\"lazy\" width=\"1024\" height=\"683\" src=\"https:\/\/www.grtracingteam.com\/wp-content\/uploads\/2025\/07\/08_Balaton_WorldSBK_2025_Friday_Aegerter-409055-1024x683.jpg\" alt=\"\" data-id=\"5244\" data-full-url=\"https:\/\/www.grtracingteam.com\/wp-content\/uploads\/2025\/07\/08_Balaton_WorldSBK_2025_Friday_Aegerter-409055-scaled.jpg\" data-link=\"https:\/\/www.grtracingteam.com\/?attachment_id=5244\" class=\"wp-image-5244\" srcset=\"https:\/\/www.grtracingteam.com\/wp-content\/uploads\/2025\/07\/08_Balaton_WorldSBK_2025_Friday_Aegerter-409055-1024x683.jpg 1024w, https:\/\/www.grtracingteam.com\/wp-content\/uploads\/2025\/07\/08_Balaton_WorldSBK_2025_Friday_Aegerter-409055-300x200.jpg 300w, https:\/\/www.grtracingteam.com\/wp-content\/uploads\/2025\/07\/08_Balaton_WorldSBK_2025_Friday_Aegerter-409055-768x512.jpg 768w, https:\/\/www.grtracingteam.com\/wp-content\/uploads\/2025\/07\/08_Balaton_WorldSBK_2025_Friday_Aegerter-409055-1536x1024.jpg 1536w, https:\/\/www.grtracingteam.com\/wp-content\/uploads\/2025\/07\/08_Balaton_WorldSBK_2025_Friday_Aegerter-409055-2048x1366.jpg 2048w, https:\/\/www.grtracingteam.com\/wp-content\/uploads\/2025\/07\/08_Balaton_WorldSBK_2025_Friday_Aegerter-409055-scaled.jpg 2560w\" sizes=\"(max-width: 1024px) 100vw, 1024px\" \/><\/figure><\/li><li class=\"blocks-gallery-item\"><figure><img loading=\"lazy\" width=\"1024\" height=\"683\" src=\"https:\/\/www.grtracingteam.com\/wp-content\/uploads\/2025\/07\/08_Balaton_WorldSBK_2025_Friday_Gardner-7002-1024x683.jpg\" alt=\"\" data-id=\"5246\" data-full-url=\"https:\/\/www.grtracingteam.com\/wp-content\/uploads\/2025\/07\/08_Balaton_WorldSBK_2025_Friday_Gardner-7002-scaled.jpg\" data-link=\"https:\/\/www.grtracingteam.com\/?attachment_id=5246\" class=\"wp-image-5246\" srcset=\"https:\/\/www.grtracingteam.com\/wp-content\/uploads\/2025\/07\/08_Balaton_WorldSBK_2025_Friday_Gardner-7002-1024x683.jpg 1024w, https:\/\/www.grtracingteam.com\/wp-content\/uploads\/2025\/07\/08_Balaton_WorldSBK_2025_Friday_Gardner-7002-300x200.jpg 300w, https:\/\/www.grtracingteam.com\/wp-content\/uploads\/2025\/07\/08_Balaton_WorldSBK_2025_Friday_Gardner-7002-768x512.jpg 768w, https:\/\/www.grtracingteam.com\/wp-content\/uploads\/2025\/07\/08_Balaton_WorldSBK_2025_Friday_Gardner-7002-1536x1024.jpg 1536w, https:\/\/www.grtracingteam.com\/wp-content\/uploads\/2025\/07\/08_Balaton_WorldSBK_2025_Friday_Gardner-7002-2048x1366.jpg 2048w, https:\/\/www.grtracingteam.com\/wp-content\/uploads\/2025\/07\/08_Balaton_WorldSBK_2025_Friday_Gardner-7002-scaled.jpg 2560w\" sizes=\"(max-width: 1024px) 100vw, 1024px\" \/><\/figure><\/li><li class=\"blocks-gallery-item\"><figure><img loading=\"lazy\" width=\"1024\" height=\"683\" src=\"https:\/\/www.grtracingteam.com\/wp-content\/uploads\/2025\/07\/08_Balaton_WorldSBK_2025_Friday_Aegerter-4818-1024x683.jpg\" alt=\"\" data-id=\"5248\" data-full-url=\"https:\/\/www.grtracingteam.com\/wp-content\/uploads\/2025\/07\/08_Balaton_WorldSBK_2025_Friday_Aegerter-4818-scaled.jpg\" data-link=\"https:\/\/www.grtracingteam.com\/?attachment_id=5248\" class=\"wp-image-5248\" srcset=\"https:\/\/www.grtracingteam.com\/wp-content\/uploads\/2025\/07\/08_Balaton_WorldSBK_2025_Friday_Aegerter-4818-1024x683.jpg 1024w, https:\/\/www.grtracingteam.com\/wp-content\/uploads\/2025\/07\/08_Balaton_WorldSBK_2025_Friday_Aegerter-4818-300x200.jpg 300w, https:\/\/www.grtracingteam.com\/wp-content\/uploads\/2025\/07\/08_Balaton_WorldSBK_2025_Friday_Aegerter-4818-768x512.jpg 768w, https:\/\/www.grtracingteam.com\/wp-content\/uploads\/2025\/07\/08_Balaton_WorldSBK_2025_Friday_Aegerter-4818-1536x1024.jpg 1536w, https:\/\/www.grtracingteam.com\/wp-content\/uploads\/2025\/07\/08_Balaton_WorldSBK_2025_Friday_Aegerter-4818-2048x1366.jpg 2048w, https:\/\/www.grtracingteam.com\/wp-content\/uploads\/2025\/07\/08_Balaton_WorldSBK_2025_Friday_Aegerter-4818-scaled.jpg 2560w\" sizes=\"(max-width: 1024px) 100vw, 1024px\" \/><\/figure><\/li><li class=\"blocks-gallery-item\"><figure><img loading=\"lazy\" width=\"1024\" height=\"683\" src=\"https:\/\/www.grtracingteam.com\/wp-content\/uploads\/2025\/07\/08_Balaton_WorldSBK_2025_Friday_Gardner-7174-1024x683.jpg\" alt=\"\" data-id=\"5247\" data-full-url=\"https:\/\/www.grtracingteam.com\/wp-content\/uploads\/2025\/07\/08_Balaton_WorldSBK_2025_Friday_Gardner-7174-scaled.jpg\" data-link=\"https:\/\/www.grtracingteam.com\/?attachment_id=5247\" class=\"wp-image-5247\" srcset=\"https:\/\/www.grtracingteam.com\/wp-content\/uploads\/2025\/07\/08_Balaton_WorldSBK_2025_Friday_Gardner-7174-1024x683.jpg 1024w, https:\/\/www.grtracingteam.com\/wp-content\/uploads\/2025\/07\/08_Balaton_WorldSBK_2025_Friday_Gardner-7174-300x200.jpg 300w, https:\/\/www.grtracingteam.com\/wp-content\/uploads\/2025\/07\/08_Balaton_WorldSBK_2025_Friday_Gardner-7174-768x512.jpg 768w, https:\/\/www.grtracingteam.com\/wp-content\/uploads\/2025\/07\/08_Balaton_WorldSBK_2025_Friday_Gardner-7174-1536x1024.jpg 1536w, https:\/\/www.grtracingteam.com\/wp-content\/uploads\/2025\/07\/08_Balaton_WorldSBK_2025_Friday_Gardner-7174-2048x1366.jpg 2048w, https:\/\/www.grtracingteam.com\/wp-content\/uploads\/2025\/07\/08_Balaton_WorldSBK_2025_Friday_Gardner-7174-scaled.jpg 2560w\" sizes=\"(max-width: 1024px) 100vw, 1024px\" \/><\/figure><\/li><\/ul><\/figure>\n<div class=\"pdfprnt-buttons pdfprnt-buttons-post pdfprnt-bottom-right\"><a href=\"javascript: imageToPdf()\" class=\"pdfprnt-button pdfprnt-button-pdf\" target=\"_self\"><img src=\"https:\/\/www.grtracingteam.com\/wp-content\/plugins\/pdf-print\/images\/pdf.png\" alt=\"image_pdf\" title=\"View PDF\" \/><\/a><\/div>","protected":false},"excerpt":{"rendered":"<p>Il GYTR GRT Yamaha WorldSBK Team \u00e8 tornato in pista per l\u2019ottavo round del Campionato del Mondo Superbike 2025 sul nuovissimo circuito di Balaton Park, in Ungheria. Remy Gardner ha chiuso la giornata in quinta posizione, mentre il compagno di squadra Dominique Aegerter ha terminato 13\u00b0. La prima sessione di prove libere \u00e8 iniziata alle [&hellip;]<\/p>\n","protected":false},"author":9,"featured_media":5245,"comment_status":"open","ping_status":"open","sticky":false,"template":"","format":"standard","meta":[],"categories":[3],"tags":[],"_links":{"self":[{"href":"https:\/\/www.grtracingteam.com\/en\/wp-json\/wp\/v2\/posts\/5243"}],"collection":[{"href":"https:\/\/www.grtracingteam.com\/en\/wp-json\/wp\/v2\/posts"}],"about":[{"href":"https:\/\/www.grtracingteam.com\/en\/wp-json\/wp\/v2\/types\/post"}],"author":[{"embeddable":true,"href":"https:\/\/www.grtracingteam.com\/en\/wp-json\/wp\/v2\/users\/9"}],"replies":[{"embeddable":true,"href":"https:\/\/www.grtracingteam.com\/en\/wp-json\/wp\/v2\/comments?post=5243"}],"version-history":[{"count":2,"href":"https:\/\/www.grtracingteam.com\/en\/wp-json\/wp\/v2\/posts\/5243\/revisions"}],"predecessor-version":[{"id":5250,"href":"https:\/\/www.grtracingteam.com\/en\/wp-json\/wp\/v2\/posts\/5243\/revisions\/5250"}],"wp:featuredmedia":[{"embeddable":true,"href":"https:\/\/www.grtracingteam.com\/en\/wp-json\/wp\/v2\/media\/5245"}],"wp:attachment":[{"href":"https:\/\/www.grtracingteam.com\/en\/wp-json\/wp\/v2\/media?parent=5243"}],"wp:term":[{"taxonomy":"category","embeddable":true,"href":"https:\/\/www.grtracingteam.com\/en\/wp-json\/wp\/v2\/categories?post=5243"},{"taxonomy":"post_tag","embeddable":true,"href":"https:\/\/www.grtracingteam.com\/en\/wp-json\/wp\/v2\/tags?post=5243"}],"curies":[{"name":"wp","href":"https:\/\/api.w.org\/{rel}","templated":true}]}}