{"id":4920,"date":"2025-05-14T12:08:50","date_gmt":"2025-05-14T10:08:50","guid":{"rendered":"https:\/\/www.grtracingteam.com\/?p=4920"},"modified":"2025-05-14T12:08:52","modified_gmt":"2025-05-14T10:08:52","slug":"gytr-grt-yamaha-pronto-a-ottenere-il-massimo-dal-round-5-di-most","status":"publish","type":"post","link":"https:\/\/www.grtracingteam.com\/en\/gytr-grt-yamaha-pronto-a-ottenere-il-massimo-dal-round-5-di-most\/","title":{"rendered":"GYTR GRT Yamaha Eager to take the Most out of Round 5"},"content":{"rendered":"<p>Remy Gardner and Dominique Aegerter are ready to return to action this weekend at the Autodrom Most in the Czech Republic for Round 5 of the 2025 FIM Superbike World Championship.<\/p>\n\n\n\n<p>Following a solid outing in Cremona, where Gardner scored valuable points with consistently strong performances, the GYTR GRT Yamaha WorldSBK Team is determined to build on that momentum and deliver another competitive weekend.<\/p>\n\n\n\n<p>Gardner enjoyed a strong performance at Most last year, finishing in the top five in both feature races and narrowly missing out on a podium in Race 2. On the other side of the garage, Aegerter also delivered a positive weekend, adding important points to the team\u2019s tally.<\/p>\n\n\n\n<p>The weekend schedule features Free Practice sessions on Friday and the Superpole Qualifying on Saturday morning. Race 1 is set for Saturday at 14:00 local time (CEST), with the Superpole Race at 11:00 on Sunday, followed by Race 2 at 14:00.<\/p>\n\n\n\n<p><strong>Remy Gardner<\/strong>: <em>\u201cIt\u2019s great to be back on track so soon, especially while we\u2019re in a good place both mentally and physically. The last two rounds showed we\u2019re capable of fighting at the front, and the goal is to start the weekend strong to set ourselves up for success. I had a good run here last year and was close to the podium, so I hope we can repeat that and continue improving our performance.\u201d<\/em><\/p>\n\n\n\n<p><strong>\u201cI\u2019m really looking forward to racing at Most again. We\u2019ll also be testing some new tyres, so I\u2019m curious to see how they perform. It\u2019s a unique circuit and I\u2019ve always enjoyed riding here. The aim is to put together a strong weekend with the team, improve our pace, and get back to fighting at the front. I believe we have the potential\u2014and hopefully the weather will stay on our side too.\u201d<\/strong>: <em>\"Non vedo l\u2019ora di tornare a correre a Most. Avremo anche la possibilit\u00e0 di testare nuove gomme, quindi sono curioso di vedere come si comporteranno. \u00c8 una pista particolare e in passato mi sono sempre divertito qui, perci\u00f2 spero che riusciremo a costruire un buon weekend insieme al team. L\u2019obiettivo \u00e8 migliorare le nostre performance e tornare a lottare davanti, sono fiducioso che ne abbiamo il potenziale. Speriamo anche nel bel tempo per tutto il weekend!\"<\/em><\/p>\n\n\n\n<figure class=\"wp-block-gallery columns-2 is-cropped\"><ul class=\"blocks-gallery-grid\"><li class=\"blocks-gallery-item\"><figure><img loading=\"lazy\" width=\"1024\" height=\"683\" src=\"https:\/\/www.grtracingteam.com\/wp-content\/uploads\/2025\/05\/04_Cremona_WorldSBK_2025_Sunday_Aegerter_WD000160-1-1024x683.jpg\" alt=\"\" data-id=\"4921\" data-full-url=\"https:\/\/www.grtracingteam.com\/wp-content\/uploads\/2025\/05\/04_Cremona_WorldSBK_2025_Sunday_Aegerter_WD000160-1-scaled.jpg\" data-link=\"https:\/\/www.grtracingteam.com\/?attachment_id=4921\" class=\"wp-image-4921\" srcset=\"https:\/\/www.grtracingteam.com\/wp-content\/uploads\/2025\/05\/04_Cremona_WorldSBK_2025_Sunday_Aegerter_WD000160-1-1024x683.jpg 1024w, https:\/\/www.grtracingteam.com\/wp-content\/uploads\/2025\/05\/04_Cremona_WorldSBK_2025_Sunday_Aegerter_WD000160-1-300x200.jpg 300w, https:\/\/www.grtracingteam.com\/wp-content\/uploads\/2025\/05\/04_Cremona_WorldSBK_2025_Sunday_Aegerter_WD000160-1-768x512.jpg 768w, https:\/\/www.grtracingteam.com\/wp-content\/uploads\/2025\/05\/04_Cremona_WorldSBK_2025_Sunday_Aegerter_WD000160-1-1536x1024.jpg 1536w, https:\/\/www.grtracingteam.com\/wp-content\/uploads\/2025\/05\/04_Cremona_WorldSBK_2025_Sunday_Aegerter_WD000160-1-2048x1366.jpg 2048w, https:\/\/www.grtracingteam.com\/wp-content\/uploads\/2025\/05\/04_Cremona_WorldSBK_2025_Sunday_Aegerter_WD000160-1-scaled.jpg 2560w\" sizes=\"(max-width: 1024px) 100vw, 1024px\" \/><\/figure><\/li><li class=\"blocks-gallery-item\"><figure><img loading=\"lazy\" width=\"1024\" height=\"683\" src=\"https:\/\/www.grtracingteam.com\/wp-content\/uploads\/2025\/05\/04_Cremona_WorldSBK_2025_Sunday_Aegerter_Z9B_0357-1-1024x683.jpg\" alt=\"\" data-id=\"4923\" data-full-url=\"https:\/\/www.grtracingteam.com\/wp-content\/uploads\/2025\/05\/04_Cremona_WorldSBK_2025_Sunday_Aegerter_Z9B_0357-1-scaled.jpg\" data-link=\"https:\/\/www.grtracingteam.com\/?attachment_id=4923\" class=\"wp-image-4923\" srcset=\"https:\/\/www.grtracingteam.com\/wp-content\/uploads\/2025\/05\/04_Cremona_WorldSBK_2025_Sunday_Aegerter_Z9B_0357-1-1024x683.jpg 1024w, https:\/\/www.grtracingteam.com\/wp-content\/uploads\/2025\/05\/04_Cremona_WorldSBK_2025_Sunday_Aegerter_Z9B_0357-1-300x200.jpg 300w, https:\/\/www.grtracingteam.com\/wp-content\/uploads\/2025\/05\/04_Cremona_WorldSBK_2025_Sunday_Aegerter_Z9B_0357-1-768x512.jpg 768w, https:\/\/www.grtracingteam.com\/wp-content\/uploads\/2025\/05\/04_Cremona_WorldSBK_2025_Sunday_Aegerter_Z9B_0357-1-1536x1024.jpg 1536w, https:\/\/www.grtracingteam.com\/wp-content\/uploads\/2025\/05\/04_Cremona_WorldSBK_2025_Sunday_Aegerter_Z9B_0357-1-2048x1366.jpg 2048w, https:\/\/www.grtracingteam.com\/wp-content\/uploads\/2025\/05\/04_Cremona_WorldSBK_2025_Sunday_Aegerter_Z9B_0357-1-scaled.jpg 2560w\" sizes=\"(max-width: 1024px) 100vw, 1024px\" \/><\/figure><\/li><li class=\"blocks-gallery-item\"><figure><img loading=\"lazy\" width=\"1024\" height=\"683\" src=\"https:\/\/www.grtracingteam.com\/wp-content\/uploads\/2025\/05\/04_Cremona_WorldSBK_2025_Sunday_Gardner_WD201659-2-1024x683.jpg\" alt=\"\" data-id=\"4925\" data-full-url=\"https:\/\/www.grtracingteam.com\/wp-content\/uploads\/2025\/05\/04_Cremona_WorldSBK_2025_Sunday_Gardner_WD201659-2-scaled.jpg\" data-link=\"https:\/\/www.grtracingteam.com\/?attachment_id=4925\" class=\"wp-image-4925\" srcset=\"https:\/\/www.grtracingteam.com\/wp-content\/uploads\/2025\/05\/04_Cremona_WorldSBK_2025_Sunday_Gardner_WD201659-2-1024x683.jpg 1024w, https:\/\/www.grtracingteam.com\/wp-content\/uploads\/2025\/05\/04_Cremona_WorldSBK_2025_Sunday_Gardner_WD201659-2-300x200.jpg 300w, https:\/\/www.grtracingteam.com\/wp-content\/uploads\/2025\/05\/04_Cremona_WorldSBK_2025_Sunday_Gardner_WD201659-2-768x512.jpg 768w, https:\/\/www.grtracingteam.com\/wp-content\/uploads\/2025\/05\/04_Cremona_WorldSBK_2025_Sunday_Gardner_WD201659-2-1536x1024.jpg 1536w, https:\/\/www.grtracingteam.com\/wp-content\/uploads\/2025\/05\/04_Cremona_WorldSBK_2025_Sunday_Gardner_WD201659-2-2048x1366.jpg 2048w, https:\/\/www.grtracingteam.com\/wp-content\/uploads\/2025\/05\/04_Cremona_WorldSBK_2025_Sunday_Gardner_WD201659-2-scaled.jpg 2560w\" sizes=\"(max-width: 1024px) 100vw, 1024px\" \/><\/figure><\/li><li class=\"blocks-gallery-item\"><figure><img loading=\"lazy\" width=\"1024\" height=\"683\" src=\"https:\/\/www.grtracingteam.com\/wp-content\/uploads\/2025\/05\/04_Cremona_WorldSBK_2025_Sunday_Gardner_WD000113-1-1024x683.jpg\" alt=\"\" data-id=\"4924\" data-full-url=\"https:\/\/www.grtracingteam.com\/wp-content\/uploads\/2025\/05\/04_Cremona_WorldSBK_2025_Sunday_Gardner_WD000113-1-scaled.jpg\" data-link=\"https:\/\/www.grtracingteam.com\/?attachment_id=4924\" class=\"wp-image-4924\" srcset=\"https:\/\/www.grtracingteam.com\/wp-content\/uploads\/2025\/05\/04_Cremona_WorldSBK_2025_Sunday_Gardner_WD000113-1-1024x683.jpg 1024w, https:\/\/www.grtracingteam.com\/wp-content\/uploads\/2025\/05\/04_Cremona_WorldSBK_2025_Sunday_Gardner_WD000113-1-300x200.jpg 300w, https:\/\/www.grtracingteam.com\/wp-content\/uploads\/2025\/05\/04_Cremona_WorldSBK_2025_Sunday_Gardner_WD000113-1-768x512.jpg 768w, https:\/\/www.grtracingteam.com\/wp-content\/uploads\/2025\/05\/04_Cremona_WorldSBK_2025_Sunday_Gardner_WD000113-1-1536x1024.jpg 1536w, https:\/\/www.grtracingteam.com\/wp-content\/uploads\/2025\/05\/04_Cremona_WorldSBK_2025_Sunday_Gardner_WD000113-1-2048x1366.jpg 2048w, https:\/\/www.grtracingteam.com\/wp-content\/uploads\/2025\/05\/04_Cremona_WorldSBK_2025_Sunday_Gardner_WD000113-1-scaled.jpg 2560w\" sizes=\"(max-width: 1024px) 100vw, 1024px\" \/><\/figure><\/li><\/ul><\/figure>\n<div class=\"pdfprnt-buttons pdfprnt-buttons-post pdfprnt-bottom-right\"><a href=\"javascript: imageToPdf()\" class=\"pdfprnt-button pdfprnt-button-pdf\" target=\"_self\"><img src=\"https:\/\/www.grtracingteam.com\/wp-content\/plugins\/pdf-print\/images\/pdf.png\" alt=\"image_pdf\" title=\"View PDF\" \/><\/a><\/div>","protected":false},"excerpt":{"rendered":"<p>Remy Gardner e Dominique Aegerter sono pronti a tornare in azione questo fine settimana all\u2019Autodrom Most, in Repubblica Ceca, per il Round 5 del Campionato del Mondo FIM Superbike 2025. Dopo una buona prova a Cremona, dove Gardner ha conquistato punti importanti grazie a prestazioni solide per tutto il weekend italiano, il GYTR GRT Yamaha [&hellip;]<\/p>\n","protected":false},"author":9,"featured_media":4922,"comment_status":"open","ping_status":"open","sticky":false,"template":"","format":"standard","meta":[],"categories":[3],"tags":[],"_links":{"self":[{"href":"https:\/\/www.grtracingteam.com\/en\/wp-json\/wp\/v2\/posts\/4920"}],"collection":[{"href":"https:\/\/www.grtracingteam.com\/en\/wp-json\/wp\/v2\/posts"}],"about":[{"href":"https:\/\/www.grtracingteam.com\/en\/wp-json\/wp\/v2\/types\/post"}],"author":[{"embeddable":true,"href":"https:\/\/www.grtracingteam.com\/en\/wp-json\/wp\/v2\/users\/9"}],"replies":[{"embeddable":true,"href":"https:\/\/www.grtracingteam.com\/en\/wp-json\/wp\/v2\/comments?post=4920"}],"version-history":[{"count":1,"href":"https:\/\/www.grtracingteam.com\/en\/wp-json\/wp\/v2\/posts\/4920\/revisions"}],"predecessor-version":[{"id":4926,"href":"https:\/\/www.grtracingteam.com\/en\/wp-json\/wp\/v2\/posts\/4920\/revisions\/4926"}],"wp:featuredmedia":[{"embeddable":true,"href":"https:\/\/www.grtracingteam.com\/en\/wp-json\/wp\/v2\/media\/4922"}],"wp:attachment":[{"href":"https:\/\/www.grtracingteam.com\/en\/wp-json\/wp\/v2\/media?parent=4920"}],"wp:term":[{"taxonomy":"category","embeddable":true,"href":"https:\/\/www.grtracingteam.com\/en\/wp-json\/wp\/v2\/categories?post=4920"},{"taxonomy":"post_tag","embeddable":true,"href":"https:\/\/www.grtracingteam.com\/en\/wp-json\/wp\/v2\/tags?post=4920"}],"curies":[{"name":"wp","href":"https:\/\/api.w.org\/{rel}","templated":true}]}}