{"id":4665,"date":"2025-05-03T17:59:43","date_gmt":"2025-05-03T15:59:43","guid":{"rendered":"https:\/\/www.grtracingteam.com\/?p=4665"},"modified":"2025-05-03T17:59:46","modified_gmt":"2025-05-03T15:59:46","slug":"sabato-positivo-e-buona-gara-1-per-remy-gardner-a-cremona","status":"publish","type":"post","link":"https:\/\/www.grtracingteam.com\/en\/sabato-positivo-e-buona-gara-1-per-remy-gardner-a-cremona\/","title":{"rendered":"Fighting Gardner Takes Strong Sixth in Cremona Race 1"},"content":{"rendered":"<p>Remy Gardner continued his strong recent form in an exciting opening race to Round 4 of the 2025 FIM Superbike World Championship in Cremona, fighting for fourth position throughout to eventually cross the line sixth.<\/p>\n\n\n\n<p>The GYTR GRT Yamaha WorldSBK Team made good use of the final Free Practice 3 session, with Gardner setting the fifth fastest time at 1\u201928.757. His teammate, Dominique Aegerter, also showed promise, finishing tenth with a 1\u201928.966.<\/p>\n\n\n\n<p>Both riders approached the Tissot Superpole session with confidence. Gardner posted a strong lap to secure seventh on the grid (1\u201928.599). Aegerter was improving significantly but suffered a crash late in the session, ending up 14th with a time of 1\u201928.836.<\/p>\n\n\n\n<p>As the opening race of the weekend got underway, Gardner made a strong start, gaining positions early. Fighting hard throughout, the Australian rider was as high as fourth position in the first half of the race \u2013 a position he fought gallantly to try and maintain. Unfortunately losing a couple of places towards the end, he crossed the line a strong sixth place after an impressive showing of determination. After a tricky start, Aegerter made his way through the field with a late push seeing him climb to 13th by the end of the race.<\/p>\n\n\n\n<p><strong>Remy Gardner \u2013 Superpole: P7 \/ Gara 1: P6<\/strong><br><em>\u201c\u00c8 stato sicuramente un sabato positivo, anche se puntiamo a qualcosa in pi\u00f9. La Superpole \u00e8 stata molto combattuta, bastavano pochi millesimi per guadagnare o perdere una fila, quindi partire settimo andava bene. In Gara 1 ho dato tutto, cercando di creare un margine quando ero quarto, ma non \u00e8 facile nel corso dei giri battagliare quando ci viene a mancare un po\u2019 di grip. Alla fine ho chiuso sesto, una buona gara, ma vogliamo di pi\u00f9 e cercheremo di migliorare l\u2019aderenza complessiva per essere pi\u00f9 competitivi anche sul finale.\u201d<\/em><\/p>\n\n\n\n<p><strong>Dominique Aegerter \u2013 Superpole: P14 \/ Gara 1: P13<\/strong><br><em>\u201cSfortunatamente, la mia Superpole \u00e8 stata compromessa da una caduta: ho dovuto frenare bruscamente per evitare il traffico su un tracciato cos\u00ec stretto. Questo ci ha costretti a partire 14\u00b0, il che non \u00e8 ideale, ma non ho mollato. Il passo gara non era male, e a un certo punto ho avuto tempi da top-5 quando ho trovato il mio ritmo. Partire cos\u00ec indietro ha complicato tutto, ma domani cercheremo di spingere di pi\u00f9, puntando a una buona Superpole Race per guadagnare posizioni in griglia\u00a0per\u00a0Gara\u00a02.\u201d<\/em><\/p>\n\n\n\n<figure class=\"wp-block-gallery columns-2 is-cropped\"><ul class=\"blocks-gallery-grid\"><li class=\"blocks-gallery-item\"><figure><img loading=\"lazy\" width=\"1024\" height=\"683\" src=\"https:\/\/www.grtracingteam.com\/wp-content\/uploads\/2025\/05\/04_Cremona_WorldSBK_2025_Saturday_Gardner_WD009645-1024x683.jpg\" alt=\"\" data-id=\"4666\" data-full-url=\"https:\/\/www.grtracingteam.com\/wp-content\/uploads\/2025\/05\/04_Cremona_WorldSBK_2025_Saturday_Gardner_WD009645-scaled.jpg\" data-link=\"https:\/\/www.grtracingteam.com\/?attachment_id=4666\" class=\"wp-image-4666\" srcset=\"https:\/\/www.grtracingteam.com\/wp-content\/uploads\/2025\/05\/04_Cremona_WorldSBK_2025_Saturday_Gardner_WD009645-1024x683.jpg 1024w, https:\/\/www.grtracingteam.com\/wp-content\/uploads\/2025\/05\/04_Cremona_WorldSBK_2025_Saturday_Gardner_WD009645-300x200.jpg 300w, https:\/\/www.grtracingteam.com\/wp-content\/uploads\/2025\/05\/04_Cremona_WorldSBK_2025_Saturday_Gardner_WD009645-768x512.jpg 768w, https:\/\/www.grtracingteam.com\/wp-content\/uploads\/2025\/05\/04_Cremona_WorldSBK_2025_Saturday_Gardner_WD009645-1536x1024.jpg 1536w, https:\/\/www.grtracingteam.com\/wp-content\/uploads\/2025\/05\/04_Cremona_WorldSBK_2025_Saturday_Gardner_WD009645-2048x1366.jpg 2048w, https:\/\/www.grtracingteam.com\/wp-content\/uploads\/2025\/05\/04_Cremona_WorldSBK_2025_Saturday_Gardner_WD009645-scaled.jpg 2560w\" sizes=\"(max-width: 1024px) 100vw, 1024px\" \/><\/figure><\/li><li class=\"blocks-gallery-item\"><figure><img loading=\"lazy\" width=\"1024\" height=\"683\" src=\"https:\/\/www.grtracingteam.com\/wp-content\/uploads\/2025\/05\/04_Cremona_WorldSBK_2025_Saturday_Aegerter_Z9A_8237-1024x683.jpg\" alt=\"\" data-id=\"4667\" data-full-url=\"https:\/\/www.grtracingteam.com\/wp-content\/uploads\/2025\/05\/04_Cremona_WorldSBK_2025_Saturday_Aegerter_Z9A_8237-scaled.jpg\" data-link=\"https:\/\/www.grtracingteam.com\/?attachment_id=4667\" class=\"wp-image-4667\" srcset=\"https:\/\/www.grtracingteam.com\/wp-content\/uploads\/2025\/05\/04_Cremona_WorldSBK_2025_Saturday_Aegerter_Z9A_8237-1024x683.jpg 1024w, https:\/\/www.grtracingteam.com\/wp-content\/uploads\/2025\/05\/04_Cremona_WorldSBK_2025_Saturday_Aegerter_Z9A_8237-300x200.jpg 300w, https:\/\/www.grtracingteam.com\/wp-content\/uploads\/2025\/05\/04_Cremona_WorldSBK_2025_Saturday_Aegerter_Z9A_8237-768x512.jpg 768w, https:\/\/www.grtracingteam.com\/wp-content\/uploads\/2025\/05\/04_Cremona_WorldSBK_2025_Saturday_Aegerter_Z9A_8237-1536x1024.jpg 1536w, https:\/\/www.grtracingteam.com\/wp-content\/uploads\/2025\/05\/04_Cremona_WorldSBK_2025_Saturday_Aegerter_Z9A_8237-2048x1366.jpg 2048w, https:\/\/www.grtracingteam.com\/wp-content\/uploads\/2025\/05\/04_Cremona_WorldSBK_2025_Saturday_Aegerter_Z9A_8237-scaled.jpg 2560w\" sizes=\"(max-width: 1024px) 100vw, 1024px\" \/><\/figure><\/li><li class=\"blocks-gallery-item\"><figure><img loading=\"lazy\" width=\"1024\" height=\"683\" src=\"https:\/\/www.grtracingteam.com\/wp-content\/uploads\/2025\/05\/04_Cremona_WorldSBK_2025_Saturday_Gardner_WD200294-1024x683.jpg\" alt=\"\" data-id=\"4670\" data-full-url=\"https:\/\/www.grtracingteam.com\/wp-content\/uploads\/2025\/05\/04_Cremona_WorldSBK_2025_Saturday_Gardner_WD200294-scaled.jpg\" data-link=\"https:\/\/www.grtracingteam.com\/?attachment_id=4670\" class=\"wp-image-4670\" srcset=\"https:\/\/www.grtracingteam.com\/wp-content\/uploads\/2025\/05\/04_Cremona_WorldSBK_2025_Saturday_Gardner_WD200294-1024x683.jpg 1024w, https:\/\/www.grtracingteam.com\/wp-content\/uploads\/2025\/05\/04_Cremona_WorldSBK_2025_Saturday_Gardner_WD200294-300x200.jpg 300w, https:\/\/www.grtracingteam.com\/wp-content\/uploads\/2025\/05\/04_Cremona_WorldSBK_2025_Saturday_Gardner_WD200294-768x512.jpg 768w, https:\/\/www.grtracingteam.com\/wp-content\/uploads\/2025\/05\/04_Cremona_WorldSBK_2025_Saturday_Gardner_WD200294-1536x1024.jpg 1536w, https:\/\/www.grtracingteam.com\/wp-content\/uploads\/2025\/05\/04_Cremona_WorldSBK_2025_Saturday_Gardner_WD200294-2048x1366.jpg 2048w, https:\/\/www.grtracingteam.com\/wp-content\/uploads\/2025\/05\/04_Cremona_WorldSBK_2025_Saturday_Gardner_WD200294-scaled.jpg 2560w\" sizes=\"(max-width: 1024px) 100vw, 1024px\" \/><\/figure><\/li><li class=\"blocks-gallery-item\"><figure><img loading=\"lazy\" width=\"1024\" height=\"683\" src=\"https:\/\/www.grtracingteam.com\/wp-content\/uploads\/2025\/05\/04_Cremona_WorldSBK_2025_Saturday_Aegerter_Z9A_9520-1024x683.jpg\" alt=\"\" data-id=\"4668\" data-full-url=\"https:\/\/www.grtracingteam.com\/wp-content\/uploads\/2025\/05\/04_Cremona_WorldSBK_2025_Saturday_Aegerter_Z9A_9520-scaled.jpg\" data-link=\"https:\/\/www.grtracingteam.com\/?attachment_id=4668\" class=\"wp-image-4668\" srcset=\"https:\/\/www.grtracingteam.com\/wp-content\/uploads\/2025\/05\/04_Cremona_WorldSBK_2025_Saturday_Aegerter_Z9A_9520-1024x683.jpg 1024w, https:\/\/www.grtracingteam.com\/wp-content\/uploads\/2025\/05\/04_Cremona_WorldSBK_2025_Saturday_Aegerter_Z9A_9520-300x200.jpg 300w, https:\/\/www.grtracingteam.com\/wp-content\/uploads\/2025\/05\/04_Cremona_WorldSBK_2025_Saturday_Aegerter_Z9A_9520-768x512.jpg 768w, https:\/\/www.grtracingteam.com\/wp-content\/uploads\/2025\/05\/04_Cremona_WorldSBK_2025_Saturday_Aegerter_Z9A_9520-1536x1024.jpg 1536w, https:\/\/www.grtracingteam.com\/wp-content\/uploads\/2025\/05\/04_Cremona_WorldSBK_2025_Saturday_Aegerter_Z9A_9520-2048x1366.jpg 2048w, https:\/\/www.grtracingteam.com\/wp-content\/uploads\/2025\/05\/04_Cremona_WorldSBK_2025_Saturday_Aegerter_Z9A_9520-scaled.jpg 2560w\" sizes=\"(max-width: 1024px) 100vw, 1024px\" \/><\/figure><\/li><\/ul><\/figure>\n<div class=\"pdfprnt-buttons pdfprnt-buttons-post pdfprnt-bottom-right\"><a href=\"javascript: imageToPdf()\" class=\"pdfprnt-button pdfprnt-button-pdf\" target=\"_self\"><img src=\"https:\/\/www.grtracingteam.com\/wp-content\/plugins\/pdf-print\/images\/pdf.png\" alt=\"image_pdf\" title=\"View PDF\" \/><\/a><\/div>","protected":false},"excerpt":{"rendered":"<p>Remy Gardner ha ottenuto un buon risultato nella Gara 1 del Round 4 del Campionato WorldSBK 2025 al circuito di Cremona, in Italia, tagliando il traguardo in sesta posizione dopo una prestazione solida. Il GYTR GRT Yamaha WorldSBK Team ha sfruttato al meglio la sessione di Prove Libere 3 del mattino, con Gardner che ha [&hellip;]<\/p>\n","protected":false},"author":9,"featured_media":4669,"comment_status":"open","ping_status":"open","sticky":false,"template":"","format":"standard","meta":[],"categories":[3],"tags":[],"_links":{"self":[{"href":"https:\/\/www.grtracingteam.com\/en\/wp-json\/wp\/v2\/posts\/4665"}],"collection":[{"href":"https:\/\/www.grtracingteam.com\/en\/wp-json\/wp\/v2\/posts"}],"about":[{"href":"https:\/\/www.grtracingteam.com\/en\/wp-json\/wp\/v2\/types\/post"}],"author":[{"embeddable":true,"href":"https:\/\/www.grtracingteam.com\/en\/wp-json\/wp\/v2\/users\/9"}],"replies":[{"embeddable":true,"href":"https:\/\/www.grtracingteam.com\/en\/wp-json\/wp\/v2\/comments?post=4665"}],"version-history":[{"count":1,"href":"https:\/\/www.grtracingteam.com\/en\/wp-json\/wp\/v2\/posts\/4665\/revisions"}],"predecessor-version":[{"id":4671,"href":"https:\/\/www.grtracingteam.com\/en\/wp-json\/wp\/v2\/posts\/4665\/revisions\/4671"}],"wp:featuredmedia":[{"embeddable":true,"href":"https:\/\/www.grtracingteam.com\/en\/wp-json\/wp\/v2\/media\/4669"}],"wp:attachment":[{"href":"https:\/\/www.grtracingteam.com\/en\/wp-json\/wp\/v2\/media?parent=4665"}],"wp:term":[{"taxonomy":"category","embeddable":true,"href":"https:\/\/www.grtracingteam.com\/en\/wp-json\/wp\/v2\/categories?post=4665"},{"taxonomy":"post_tag","embeddable":true,"href":"https:\/\/www.grtracingteam.com\/en\/wp-json\/wp\/v2\/tags?post=4665"}],"curies":[{"name":"wp","href":"https:\/\/api.w.org\/{rel}","templated":true}]}}