{"id":2669,"date":"2023-06-28T15:18:23","date_gmt":"2023-06-28T13:18:23","guid":{"rendered":"https:\/\/www.grtracingteam.com\/?p=2669"},"modified":"2023-06-28T16:14:23","modified_gmt":"2023-06-28T14:14:23","slug":"giro-di-boa-per-il-gytr-grt-yamaha-worldsbk-team-sulliconico-donington-park","status":"publish","type":"post","link":"https:\/\/www.grtracingteam.com\/en\/giro-di-boa-per-il-gytr-grt-yamaha-worldsbk-team-sulliconico-donington-park\/","title":{"rendered":"GYTR GRT Yamaha WorldSBK Team Enter Halfway Stage at the Iconic Donington Park"},"content":{"rendered":"<p>Dominique Aegerter and Remy Gardner are gearing up for the sixth round of the 2023 FIM Superbike World Championship at Donington Park, eager to enjoy a strong weekend as the season reaches its mid point.<\/p>\n\n\n\n<p>Entrambi i rookies del GYTR GRT Yamaha gireranno con le loro Yamaha R1 per la prima volta su tale tracciato, in quella che per Gardner sar\u00e0 un debutto assoluto. Dall\u2019altra parte del garage, Aegerter ha bei ricordi dello scorso anno, dove ha ottenuto una doppia vittoria a Donington nel mondiale Supersport. La coppia di piloti del GYTR GRT Yamaha \u00e8 cos\u00ec pronta ad affrontare una nuova sfida in uno dei tracciati pi\u00f9 iconici del calendario.<\/p>\n\n\n\n<p><strong>Damiano Evangelisti, Gardner\u2019s Crew Chief, <\/strong>states that the newly resurfaced asphalt could play a key role during the weekend: <em>\u201cIt is a very technical track and I believe that riders could make the difference there. We\u2019ll find a lot of ups and downs as well as counter-slope turns, which makes Donington a unique track on the calendar. We hope that we\u2019ll find more grip compared to last year as the tarmac has been resurfaced. It will be the very first time here for Remy (Gardner), so our plan is to make long runs to build his confidence with the circuit.\u201d<\/em><\/p>\n\n\n\n<p>The GYTR GRT Yamaha WorldSBK Team has fond memories at Donington, having achieved a remarkable 2nd place in 2021 with Garrett Gerloff. That might be a confidence boost for the crew, as Team Manager <strong>Filippo Conti claims: <\/strong><em>\u201cWe collected great results in the past here and we hope to enjoy a strong weekend on British soil. Anyway, we should remember it\u2019ll be the first time for Dominique on the Yamaha R1 and a complete debut for Remy there. Because of that we\u2019ll work on their adaptation to the track, hoping for good weather throughout the weekend, but we\u2019re confident of doing a good job there.\u201d<\/em><\/p>\n\n\n\n<p>Following a three week break <strong>Aegerter <\/strong>cannot wait to hit the track again: <em>\u201cI\u2019m happy to go back to England, I have good memories there. It was a long break for me; during that time I trained hard to be ready for the next rounds. I\u2019m eager to jump back on my Yamaha R1 machine at Donington Park. I like the circuit, it\u2019s an old school one, and we\u2019ll work very hard to do a good performance.\u201d<\/em><\/p>\n\n\n\n<p>And for <strong>Gardner: <\/strong><em>\u201cIt\u2019ll be a complete first time for me, I\u2019ve never been to Donington. It looks like a very special track, an old school one, with a lot of history, I like it. We\u2019ll try to quickly adapt to it, plus trying something new to improve our feeling and performance on the bike. I really can\u2019t wait to be back on track after three weeks away, see you there!\u201d<\/em><\/p>\n\n\n\n<figure class=\"wp-block-gallery columns-2 is-cropped\"><ul class=\"blocks-gallery-grid\"><li class=\"blocks-gallery-item\"><figure><img loading=\"lazy\" width=\"1024\" height=\"683\" src=\"https:\/\/www.grtracingteam.com\/wp-content\/uploads\/2023\/06\/05_Misano_WorldSBK_2023_Sunday_Aegerter_DSC_1010-1-1024x683.jpg\" alt=\"\" data-id=\"2670\" data-full-url=\"https:\/\/www.grtracingteam.com\/wp-content\/uploads\/2023\/06\/05_Misano_WorldSBK_2023_Sunday_Aegerter_DSC_1010-1-scaled.jpg\" data-link=\"https:\/\/www.grtracingteam.com\/?attachment_id=2670\" class=\"wp-image-2670\" srcset=\"https:\/\/www.grtracingteam.com\/wp-content\/uploads\/2023\/06\/05_Misano_WorldSBK_2023_Sunday_Aegerter_DSC_1010-1-1024x683.jpg 1024w, https:\/\/www.grtracingteam.com\/wp-content\/uploads\/2023\/06\/05_Misano_WorldSBK_2023_Sunday_Aegerter_DSC_1010-1-300x200.jpg 300w, https:\/\/www.grtracingteam.com\/wp-content\/uploads\/2023\/06\/05_Misano_WorldSBK_2023_Sunday_Aegerter_DSC_1010-1-768x512.jpg 768w, https:\/\/www.grtracingteam.com\/wp-content\/uploads\/2023\/06\/05_Misano_WorldSBK_2023_Sunday_Aegerter_DSC_1010-1-1536x1024.jpg 1536w, https:\/\/www.grtracingteam.com\/wp-content\/uploads\/2023\/06\/05_Misano_WorldSBK_2023_Sunday_Aegerter_DSC_1010-1-2048x1366.jpg 2048w, https:\/\/www.grtracingteam.com\/wp-content\/uploads\/2023\/06\/05_Misano_WorldSBK_2023_Sunday_Aegerter_DSC_1010-1-18x12.jpg 18w, https:\/\/www.grtracingteam.com\/wp-content\/uploads\/2023\/06\/05_Misano_WorldSBK_2023_Sunday_Aegerter_DSC_1010-1-scaled.jpg 2560w\" sizes=\"(max-width: 1024px) 100vw, 1024px\" \/><\/figure><\/li><li class=\"blocks-gallery-item\"><figure><img loading=\"lazy\" width=\"1024\" height=\"683\" src=\"https:\/\/www.grtracingteam.com\/wp-content\/uploads\/2023\/06\/05_Misano_WorldSBK_2023_Sunday_Aegerter_DSC_1464-1-1024x683.jpg\" alt=\"\" data-id=\"2671\" data-full-url=\"https:\/\/www.grtracingteam.com\/wp-content\/uploads\/2023\/06\/05_Misano_WorldSBK_2023_Sunday_Aegerter_DSC_1464-1-scaled.jpg\" data-link=\"https:\/\/www.grtracingteam.com\/?attachment_id=2671\" class=\"wp-image-2671\" srcset=\"https:\/\/www.grtracingteam.com\/wp-content\/uploads\/2023\/06\/05_Misano_WorldSBK_2023_Sunday_Aegerter_DSC_1464-1-1024x683.jpg 1024w, https:\/\/www.grtracingteam.com\/wp-content\/uploads\/2023\/06\/05_Misano_WorldSBK_2023_Sunday_Aegerter_DSC_1464-1-300x200.jpg 300w, https:\/\/www.grtracingteam.com\/wp-content\/uploads\/2023\/06\/05_Misano_WorldSBK_2023_Sunday_Aegerter_DSC_1464-1-768x512.jpg 768w, https:\/\/www.grtracingteam.com\/wp-content\/uploads\/2023\/06\/05_Misano_WorldSBK_2023_Sunday_Aegerter_DSC_1464-1-1536x1024.jpg 1536w, https:\/\/www.grtracingteam.com\/wp-content\/uploads\/2023\/06\/05_Misano_WorldSBK_2023_Sunday_Aegerter_DSC_1464-1-2048x1366.jpg 2048w, https:\/\/www.grtracingteam.com\/wp-content\/uploads\/2023\/06\/05_Misano_WorldSBK_2023_Sunday_Aegerter_DSC_1464-1-18x12.jpg 18w, https:\/\/www.grtracingteam.com\/wp-content\/uploads\/2023\/06\/05_Misano_WorldSBK_2023_Sunday_Aegerter_DSC_1464-1-scaled.jpg 2560w\" sizes=\"(max-width: 1024px) 100vw, 1024px\" \/><\/figure><\/li><li class=\"blocks-gallery-item\"><figure><img loading=\"lazy\" width=\"1024\" height=\"683\" src=\"https:\/\/www.grtracingteam.com\/wp-content\/uploads\/2023\/06\/05_Misano_WorldSBK_2023_Sunday_Gardner_DSC_1687-1-1024x683.jpg\" alt=\"\" data-id=\"2673\" data-full-url=\"https:\/\/www.grtracingteam.com\/wp-content\/uploads\/2023\/06\/05_Misano_WorldSBK_2023_Sunday_Gardner_DSC_1687-1-scaled.jpg\" data-link=\"https:\/\/www.grtracingteam.com\/?attachment_id=2673\" class=\"wp-image-2673\" srcset=\"https:\/\/www.grtracingteam.com\/wp-content\/uploads\/2023\/06\/05_Misano_WorldSBK_2023_Sunday_Gardner_DSC_1687-1-1024x683.jpg 1024w, https:\/\/www.grtracingteam.com\/wp-content\/uploads\/2023\/06\/05_Misano_WorldSBK_2023_Sunday_Gardner_DSC_1687-1-300x200.jpg 300w, https:\/\/www.grtracingteam.com\/wp-content\/uploads\/2023\/06\/05_Misano_WorldSBK_2023_Sunday_Gardner_DSC_1687-1-768x512.jpg 768w, https:\/\/www.grtracingteam.com\/wp-content\/uploads\/2023\/06\/05_Misano_WorldSBK_2023_Sunday_Gardner_DSC_1687-1-1536x1024.jpg 1536w, https:\/\/www.grtracingteam.com\/wp-content\/uploads\/2023\/06\/05_Misano_WorldSBK_2023_Sunday_Gardner_DSC_1687-1-2048x1366.jpg 2048w, https:\/\/www.grtracingteam.com\/wp-content\/uploads\/2023\/06\/05_Misano_WorldSBK_2023_Sunday_Gardner_DSC_1687-1-18x12.jpg 18w, https:\/\/www.grtracingteam.com\/wp-content\/uploads\/2023\/06\/05_Misano_WorldSBK_2023_Sunday_Gardner_DSC_1687-1-scaled.jpg 2560w\" sizes=\"(max-width: 1024px) 100vw, 1024px\" \/><\/figure><\/li><li class=\"blocks-gallery-item\"><figure><img loading=\"lazy\" width=\"1024\" height=\"683\" src=\"https:\/\/www.grtracingteam.com\/wp-content\/uploads\/2023\/06\/05_Misano_WorldSBK_2023_Sunday_Gardner_R3JM8227-1-1024x683.jpg\" alt=\"\" data-id=\"2674\" data-full-url=\"https:\/\/www.grtracingteam.com\/wp-content\/uploads\/2023\/06\/05_Misano_WorldSBK_2023_Sunday_Gardner_R3JM8227-1-scaled.jpg\" data-link=\"https:\/\/www.grtracingteam.com\/?attachment_id=2674\" class=\"wp-image-2674\" srcset=\"https:\/\/www.grtracingteam.com\/wp-content\/uploads\/2023\/06\/05_Misano_WorldSBK_2023_Sunday_Gardner_R3JM8227-1-1024x683.jpg 1024w, https:\/\/www.grtracingteam.com\/wp-content\/uploads\/2023\/06\/05_Misano_WorldSBK_2023_Sunday_Gardner_R3JM8227-1-300x200.jpg 300w, https:\/\/www.grtracingteam.com\/wp-content\/uploads\/2023\/06\/05_Misano_WorldSBK_2023_Sunday_Gardner_R3JM8227-1-768x512.jpg 768w, https:\/\/www.grtracingteam.com\/wp-content\/uploads\/2023\/06\/05_Misano_WorldSBK_2023_Sunday_Gardner_R3JM8227-1-1536x1024.jpg 1536w, https:\/\/www.grtracingteam.com\/wp-content\/uploads\/2023\/06\/05_Misano_WorldSBK_2023_Sunday_Gardner_R3JM8227-1-2048x1366.jpg 2048w, https:\/\/www.grtracingteam.com\/wp-content\/uploads\/2023\/06\/05_Misano_WorldSBK_2023_Sunday_Gardner_R3JM8227-1-18x12.jpg 18w, https:\/\/www.grtracingteam.com\/wp-content\/uploads\/2023\/06\/05_Misano_WorldSBK_2023_Sunday_Gardner_R3JM8227-1-scaled.jpg 2560w\" sizes=\"(max-width: 1024px) 100vw, 1024px\" \/><\/figure><\/li><\/ul><\/figure>\n<div class=\"pdfprnt-buttons pdfprnt-buttons-post pdfprnt-bottom-right\"><a href=\"javascript: imageToPdf()\" class=\"pdfprnt-button pdfprnt-button-pdf\" target=\"_self\"><img src=\"https:\/\/www.grtracingteam.com\/wp-content\/plugins\/pdf-print\/images\/pdf.png\" alt=\"image_pdf\" title=\"View PDF\" \/><\/a><\/div>","protected":false},"excerpt":{"rendered":"<p>Dominique Aegerter e Remy Gardner torneranno in azione per il sesto round del mondiale Superbike a Donington Park, desiderosi di disputare un solido weekend in quello che sar\u00e0 per loro il giro di boa del 2023. Entrambi i rookies del GYTR GRT Yamaha gireranno con le loro Yamaha R1 per la prima volta su tale [&hellip;]<\/p>\n","protected":false},"author":9,"featured_media":2672,"comment_status":"open","ping_status":"open","sticky":false,"template":"","format":"standard","meta":[],"categories":[3],"tags":[],"_links":{"self":[{"href":"https:\/\/www.grtracingteam.com\/en\/wp-json\/wp\/v2\/posts\/2669"}],"collection":[{"href":"https:\/\/www.grtracingteam.com\/en\/wp-json\/wp\/v2\/posts"}],"about":[{"href":"https:\/\/www.grtracingteam.com\/en\/wp-json\/wp\/v2\/types\/post"}],"author":[{"embeddable":true,"href":"https:\/\/www.grtracingteam.com\/en\/wp-json\/wp\/v2\/users\/9"}],"replies":[{"embeddable":true,"href":"https:\/\/www.grtracingteam.com\/en\/wp-json\/wp\/v2\/comments?post=2669"}],"version-history":[{"count":2,"href":"https:\/\/www.grtracingteam.com\/en\/wp-json\/wp\/v2\/posts\/2669\/revisions"}],"predecessor-version":[{"id":2676,"href":"https:\/\/www.grtracingteam.com\/en\/wp-json\/wp\/v2\/posts\/2669\/revisions\/2676"}],"wp:featuredmedia":[{"embeddable":true,"href":"https:\/\/www.grtracingteam.com\/en\/wp-json\/wp\/v2\/media\/2672"}],"wp:attachment":[{"href":"https:\/\/www.grtracingteam.com\/en\/wp-json\/wp\/v2\/media?parent=2669"}],"wp:term":[{"taxonomy":"category","embeddable":true,"href":"https:\/\/www.grtracingteam.com\/en\/wp-json\/wp\/v2\/categories?post=2669"},{"taxonomy":"post_tag","embeddable":true,"href":"https:\/\/www.grtracingteam.com\/en\/wp-json\/wp\/v2\/tags?post=2669"}],"curies":[{"name":"wp","href":"https:\/\/api.w.org\/{rel}","templated":true}]}}