{"id":1374,"date":"2022-06-10T18:49:42","date_gmt":"2022-06-10T16:49:42","guid":{"rendered":"https:\/\/www.grtracingteam.com\/?p=1374"},"modified":"2022-06-10T18:52:47","modified_gmt":"2022-06-10T16:52:47","slug":"solid-pace-for-gytr-grt-yamaha-worldsbk-team-on-day-1-at-misano","status":"publish","type":"post","link":"https:\/\/www.grtracingteam.com\/en\/solid-pace-for-gytr-grt-yamaha-worldsbk-team-on-day-1-at-misano\/","title":{"rendered":"SOLID PACE FOR GYTR GRT YAMAHA WORLDSBK TEAM ON DAY 1 AT MISANO"},"content":{"rendered":"<p>The GYTR GRT Yamaha WorldSBK Team returned to action today at the Misano World Circuit \u2018Marco Simoncelli\u2019, with Garrett Gerloff going sixth fastest on combined times, while Kohta Nozane was 16th.<\/p>\n\n\n\n<p>After being declared fit to race on Thursday, Gerloff ended Free Practice 1 in 11th (1\u201935.756), with teammate Nozane finishing 18th (1\u201936.978) as he suffered a small off in the final stages of the session.<\/p>\n\n\n\n<p>GYTR GRT Yamaha WorldSBK Team focused on long runs in FP2, completing many laps with Gerloff, who showed solid race pace. The American ended the afternoon\u2019s running sixth fastest (1\u201934.605), while Nozane was 16th (1\u201935.726).<\/p>\n\n\n\n<p>The Japanese rider was forced to miss the first 10 minutes of FP2 due to a penalty for not following marshal\u2019s instructions after his FP1 crash.<\/p>\n\n\n\n<p>Both riders will be back on track tomorrow, firstly with FP3 at 09:00 local time (GMT +2), before the Tissot Superpole qualifying at 11:10 and Race 1 at 14:00.<\/p>\n\n\n\n<p><a rel=\"noreferrer noopener\" href=\"https:\/\/resources.worldsbk.com\/files\/results\/2022\/ITA\/SBK\/L1A\/CLA\/Results.pdf?version=3f254ea62985e67d70d5751fd79112ed&amp;_ga=2.51997865.1215169015.1654864973-1225566408.1634890919\" target=\"_blank\">Free Practice 1 Results<\/a><br><a rel=\"noreferrer noopener\" href=\"https:\/\/resources.worldsbk.com\/files\/results\/2022\/ITA\/SBK\/L2A\/ALL\/AllPdfs.pdf?version=229fff76063372b4eee46959b0f396a9&amp;_ga=2.51997865.1215169015.1654864973-1225566408.1634890919\" target=\"_blank\">Free Practice 2 Results<\/a><\/p>\n\n\n\n<figure class=\"wp-block-image size-large\"><img loading=\"lazy\" width=\"1024\" height=\"452\" src=\"https:\/\/www.grtracingteam.com\/wp-content\/uploads\/2022\/05\/Garrett-Footer-1024x452.png\" alt=\"\" class=\"wp-image-1296\" srcset=\"https:\/\/www.grtracingteam.com\/wp-content\/uploads\/2022\/05\/Garrett-Footer-1024x452.png 1024w, https:\/\/www.grtracingteam.com\/wp-content\/uploads\/2022\/05\/Garrett-Footer-300x132.png 300w, https:\/\/www.grtracingteam.com\/wp-content\/uploads\/2022\/05\/Garrett-Footer-768x339.png 768w, https:\/\/www.grtracingteam.com\/wp-content\/uploads\/2022\/05\/Garrett-Footer-1536x677.png 1536w, https:\/\/www.grtracingteam.com\/wp-content\/uploads\/2022\/05\/Garrett-Footer-2048x903.png 2048w, https:\/\/www.grtracingteam.com\/wp-content\/uploads\/2022\/05\/Garrett-Footer-18x8.png 18w, https:\/\/www.grtracingteam.com\/wp-content\/uploads\/2022\/05\/Garrett-Footer.png 3000w\" sizes=\"(max-width: 1024px) 100vw, 1024px\" \/><\/figure>\n\n\n\n<p><em>\u201cLa giornata non \u00e8 andata male. La gamba sta bene e la P6 \u00e8 un buon risultato: il nostro ritmo \u00e8 buono anche se possiamo migliorare. Il test che abbiamo fatto qua ha aiutato sicuramente a trovare velocit\u00e0. Gli obiettivi sono gli stessi, fare una buona qualifica e rimanere vicino al gruppo di testa in gara. Ho provato anche la nuova gomma che ha portato Pirelli e mi \u00e8 piaciuta, sembra dare pi\u00f9 stabilit\u00e0.\u201d<\/em><\/p>\n\n\n\n<figure class=\"wp-block-image size-large\"><img loading=\"lazy\" width=\"1024\" height=\"447\" src=\"https:\/\/www.grtracingteam.com\/wp-content\/uploads\/2022\/05\/Kohta-Footer-1024x447.png\" alt=\"\" class=\"wp-image-1297\" srcset=\"https:\/\/www.grtracingteam.com\/wp-content\/uploads\/2022\/05\/Kohta-Footer-1024x447.png 1024w, https:\/\/www.grtracingteam.com\/wp-content\/uploads\/2022\/05\/Kohta-Footer-300x131.png 300w, https:\/\/www.grtracingteam.com\/wp-content\/uploads\/2022\/05\/Kohta-Footer-768x335.png 768w, https:\/\/www.grtracingteam.com\/wp-content\/uploads\/2022\/05\/Kohta-Footer-1536x671.png 1536w, https:\/\/www.grtracingteam.com\/wp-content\/uploads\/2022\/05\/Kohta-Footer-2048x894.png 2048w, https:\/\/www.grtracingteam.com\/wp-content\/uploads\/2022\/05\/Kohta-Footer-18x8.png 18w, https:\/\/www.grtracingteam.com\/wp-content\/uploads\/2022\/05\/Kohta-Footer.png 3000w\" sizes=\"(max-width: 1024px) 100vw, 1024px\" \/><\/figure>\n\n\n\n<p><em>\u201cIl Day 1 non \u00e8 stato malvagio. Possiamo sicuramente migliorare e dobbiamo farlo, ma il feeling \u00e8 OK e sono fiducioso di poter essere pi\u00f9 veloce domani. Mi dispiace per il team per la caduta nelle FP1, ho fatto un errore ed \u00e8 stato doloroso, non tanto per il fisico, quanto per il tempo perso nelle FP2. Voglio fare passi in avanti per conquistare un bel risultato anche per i ragazzi che continuano a lavorare alla grande.\u201d<\/em><\/p>\n\n\n\n<figure class=\"wp-block-gallery columns-2 is-cropped\"><ul class=\"blocks-gallery-grid\"><li class=\"blocks-gallery-item\"><figure><img loading=\"lazy\" width=\"1024\" height=\"683\" src=\"https:\/\/www.grtracingteam.com\/wp-content\/uploads\/2022\/06\/04_Misano_WorldSBK_2022_Friday_Gerloff_GB9_0467-1024x683.jpg\" alt=\"\" data-id=\"1375\" data-full-url=\"https:\/\/www.grtracingteam.com\/wp-content\/uploads\/2022\/06\/04_Misano_WorldSBK_2022_Friday_Gerloff_GB9_0467-scaled.jpg\" data-link=\"https:\/\/www.grtracingteam.com\/?attachment_id=1375\" class=\"wp-image-1375\" srcset=\"https:\/\/www.grtracingteam.com\/wp-content\/uploads\/2022\/06\/04_Misano_WorldSBK_2022_Friday_Gerloff_GB9_0467-1024x683.jpg 1024w, https:\/\/www.grtracingteam.com\/wp-content\/uploads\/2022\/06\/04_Misano_WorldSBK_2022_Friday_Gerloff_GB9_0467-300x200.jpg 300w, https:\/\/www.grtracingteam.com\/wp-content\/uploads\/2022\/06\/04_Misano_WorldSBK_2022_Friday_Gerloff_GB9_0467-768x512.jpg 768w, https:\/\/www.grtracingteam.com\/wp-content\/uploads\/2022\/06\/04_Misano_WorldSBK_2022_Friday_Gerloff_GB9_0467-1536x1024.jpg 1536w, https:\/\/www.grtracingteam.com\/wp-content\/uploads\/2022\/06\/04_Misano_WorldSBK_2022_Friday_Gerloff_GB9_0467-2048x1366.jpg 2048w, https:\/\/www.grtracingteam.com\/wp-content\/uploads\/2022\/06\/04_Misano_WorldSBK_2022_Friday_Gerloff_GB9_0467-18x12.jpg 18w, https:\/\/www.grtracingteam.com\/wp-content\/uploads\/2022\/06\/04_Misano_WorldSBK_2022_Friday_Gerloff_GB9_0467-scaled.jpg 2560w\" sizes=\"(max-width: 1024px) 100vw, 1024px\" \/><\/figure><\/li><li class=\"blocks-gallery-item\"><figure><img loading=\"lazy\" width=\"1024\" height=\"683\" src=\"https:\/\/www.grtracingteam.com\/wp-content\/uploads\/2022\/06\/04_Misano_WorldSBK_2022_Friday_Gerloff_GB9_5526-1024x683.jpg\" alt=\"\" data-id=\"1376\" data-full-url=\"https:\/\/www.grtracingteam.com\/wp-content\/uploads\/2022\/06\/04_Misano_WorldSBK_2022_Friday_Gerloff_GB9_5526-scaled.jpg\" data-link=\"https:\/\/www.grtracingteam.com\/?attachment_id=1376\" class=\"wp-image-1376\" srcset=\"https:\/\/www.grtracingteam.com\/wp-content\/uploads\/2022\/06\/04_Misano_WorldSBK_2022_Friday_Gerloff_GB9_5526-1024x683.jpg 1024w, https:\/\/www.grtracingteam.com\/wp-content\/uploads\/2022\/06\/04_Misano_WorldSBK_2022_Friday_Gerloff_GB9_5526-300x200.jpg 300w, https:\/\/www.grtracingteam.com\/wp-content\/uploads\/2022\/06\/04_Misano_WorldSBK_2022_Friday_Gerloff_GB9_5526-768x512.jpg 768w, https:\/\/www.grtracingteam.com\/wp-content\/uploads\/2022\/06\/04_Misano_WorldSBK_2022_Friday_Gerloff_GB9_5526-1536x1024.jpg 1536w, https:\/\/www.grtracingteam.com\/wp-content\/uploads\/2022\/06\/04_Misano_WorldSBK_2022_Friday_Gerloff_GB9_5526-2048x1366.jpg 2048w, https:\/\/www.grtracingteam.com\/wp-content\/uploads\/2022\/06\/04_Misano_WorldSBK_2022_Friday_Gerloff_GB9_5526-18x12.jpg 18w, https:\/\/www.grtracingteam.com\/wp-content\/uploads\/2022\/06\/04_Misano_WorldSBK_2022_Friday_Gerloff_GB9_5526-scaled.jpg 2560w\" sizes=\"(max-width: 1024px) 100vw, 1024px\" \/><\/figure><\/li><li class=\"blocks-gallery-item\"><figure><img loading=\"lazy\" width=\"1024\" height=\"683\" src=\"https:\/\/www.grtracingteam.com\/wp-content\/uploads\/2022\/06\/04_Misano_WorldSBK_2022_Friday_Nozane_GB9_9635-1024x683.jpg\" alt=\"\" data-id=\"1377\" data-full-url=\"https:\/\/www.grtracingteam.com\/wp-content\/uploads\/2022\/06\/04_Misano_WorldSBK_2022_Friday_Nozane_GB9_9635-scaled.jpg\" data-link=\"https:\/\/www.grtracingteam.com\/?attachment_id=1377\" class=\"wp-image-1377\" srcset=\"https:\/\/www.grtracingteam.com\/wp-content\/uploads\/2022\/06\/04_Misano_WorldSBK_2022_Friday_Nozane_GB9_9635-1024x683.jpg 1024w, https:\/\/www.grtracingteam.com\/wp-content\/uploads\/2022\/06\/04_Misano_WorldSBK_2022_Friday_Nozane_GB9_9635-300x200.jpg 300w, https:\/\/www.grtracingteam.com\/wp-content\/uploads\/2022\/06\/04_Misano_WorldSBK_2022_Friday_Nozane_GB9_9635-768x512.jpg 768w, https:\/\/www.grtracingteam.com\/wp-content\/uploads\/2022\/06\/04_Misano_WorldSBK_2022_Friday_Nozane_GB9_9635-1536x1024.jpg 1536w, https:\/\/www.grtracingteam.com\/wp-content\/uploads\/2022\/06\/04_Misano_WorldSBK_2022_Friday_Nozane_GB9_9635-2048x1366.jpg 2048w, https:\/\/www.grtracingteam.com\/wp-content\/uploads\/2022\/06\/04_Misano_WorldSBK_2022_Friday_Nozane_GB9_9635-18x12.jpg 18w, https:\/\/www.grtracingteam.com\/wp-content\/uploads\/2022\/06\/04_Misano_WorldSBK_2022_Friday_Nozane_GB9_9635-scaled.jpg 2560w\" sizes=\"(max-width: 1024px) 100vw, 1024px\" \/><\/figure><\/li><li class=\"blocks-gallery-item\"><figure><img loading=\"lazy\" width=\"1024\" height=\"683\" src=\"https:\/\/www.grtracingteam.com\/wp-content\/uploads\/2022\/06\/04_Misano_WorldSBK_2022_Friday_Nozane_R3JM4938-1024x683.jpg\" alt=\"\" data-id=\"1378\" data-full-url=\"https:\/\/www.grtracingteam.com\/wp-content\/uploads\/2022\/06\/04_Misano_WorldSBK_2022_Friday_Nozane_R3JM4938-scaled.jpg\" data-link=\"https:\/\/www.grtracingteam.com\/?attachment_id=1378\" class=\"wp-image-1378\" srcset=\"https:\/\/www.grtracingteam.com\/wp-content\/uploads\/2022\/06\/04_Misano_WorldSBK_2022_Friday_Nozane_R3JM4938-1024x683.jpg 1024w, https:\/\/www.grtracingteam.com\/wp-content\/uploads\/2022\/06\/04_Misano_WorldSBK_2022_Friday_Nozane_R3JM4938-300x200.jpg 300w, https:\/\/www.grtracingteam.com\/wp-content\/uploads\/2022\/06\/04_Misano_WorldSBK_2022_Friday_Nozane_R3JM4938-768x512.jpg 768w, https:\/\/www.grtracingteam.com\/wp-content\/uploads\/2022\/06\/04_Misano_WorldSBK_2022_Friday_Nozane_R3JM4938-1536x1024.jpg 1536w, https:\/\/www.grtracingteam.com\/wp-content\/uploads\/2022\/06\/04_Misano_WorldSBK_2022_Friday_Nozane_R3JM4938-2048x1366.jpg 2048w, https:\/\/www.grtracingteam.com\/wp-content\/uploads\/2022\/06\/04_Misano_WorldSBK_2022_Friday_Nozane_R3JM4938-18x12.jpg 18w, https:\/\/www.grtracingteam.com\/wp-content\/uploads\/2022\/06\/04_Misano_WorldSBK_2022_Friday_Nozane_R3JM4938-scaled.jpg 2560w\" sizes=\"(max-width: 1024px) 100vw, 1024px\" \/><\/figure><\/li><\/ul><\/figure>\n<div class=\"pdfprnt-buttons pdfprnt-buttons-post pdfprnt-bottom-right\"><a href=\"javascript: imageToPdf()\" class=\"pdfprnt-button pdfprnt-button-pdf\" target=\"_self\"><img src=\"https:\/\/www.grtracingteam.com\/wp-content\/plugins\/pdf-print\/images\/pdf.png\" alt=\"image_pdf\" title=\"View PDF\" \/><\/a><\/div>","protected":false},"excerpt":{"rendered":"<p>Il GYTR GRT Yamaha WorldSBK Team \u00e8 tornato oggi in azione sul Misano World Circuit \u2018Marco Simoncelli\u2019, con Garrett Gerloff sesto alla fine della giornata, mentre Kohta Nozane ha chiuso sedicesimo. Dopo essere dichiarato FIT per correre il gioved\u00ec, Gerloff ha chiuso le FP1 in 11\u00b0 piazza (1\u201935.756), mentre il suo compagno di squadra Nozane [&hellip;]<\/p>\n","protected":false},"author":9,"featured_media":1381,"comment_status":"open","ping_status":"open","sticky":false,"template":"","format":"standard","meta":[],"categories":[3],"tags":[],"_links":{"self":[{"href":"https:\/\/www.grtracingteam.com\/en\/wp-json\/wp\/v2\/posts\/1374"}],"collection":[{"href":"https:\/\/www.grtracingteam.com\/en\/wp-json\/wp\/v2\/posts"}],"about":[{"href":"https:\/\/www.grtracingteam.com\/en\/wp-json\/wp\/v2\/types\/post"}],"author":[{"embeddable":true,"href":"https:\/\/www.grtracingteam.com\/en\/wp-json\/wp\/v2\/users\/9"}],"replies":[{"embeddable":true,"href":"https:\/\/www.grtracingteam.com\/en\/wp-json\/wp\/v2\/comments?post=1374"}],"version-history":[{"count":3,"href":"https:\/\/www.grtracingteam.com\/en\/wp-json\/wp\/v2\/posts\/1374\/revisions"}],"predecessor-version":[{"id":1382,"href":"https:\/\/www.grtracingteam.com\/en\/wp-json\/wp\/v2\/posts\/1374\/revisions\/1382"}],"wp:featuredmedia":[{"embeddable":true,"href":"https:\/\/www.grtracingteam.com\/en\/wp-json\/wp\/v2\/media\/1381"}],"wp:attachment":[{"href":"https:\/\/www.grtracingteam.com\/en\/wp-json\/wp\/v2\/media?parent=1374"}],"wp:term":[{"taxonomy":"category","embeddable":true,"href":"https:\/\/www.grtracingteam.com\/en\/wp-json\/wp\/v2\/categories?post=1374"},{"taxonomy":"post_tag","embeddable":true,"href":"https:\/\/www.grtracingteam.com\/en\/wp-json\/wp\/v2\/tags?post=1374"}],"curies":[{"name":"wp","href":"https:\/\/api.w.org\/{rel}","templated":true}]}}